{"id":91149,"date":"2021-04-20T13:32:43","date_gmt":"2021-04-20T16:32:43","guid":{"rendered":"https:\/\/eldiariodesanpedro.com.ar\/sitio\/?p=91149"},"modified":"2021-04-20T13:32:49","modified_gmt":"2021-04-20T16:32:49","slug":"corte-de-energia-en-zona-centrica","status":"publish","type":"post","link":"https:\/\/eldiariodesanpedro.com.ar\/sitio\/corte-de-energia-en-zona-centrica\/","title":{"rendered":"Corte de Energ\u00eda en zona c\u00e9ntrica"},"content":{"rendered":"<!-- VideographyWP Plugin Message: Automatic video embedding prevented by plugin options. -->\n\n<p>Coopser informa que el corte de energ\u00eda el\u00e9ctrica que afect\u00f3 la zona c\u00e9ntrica de San Pedro, obedeci\u00f3 a la salida de servicio del Alimentador N\u00b02. <\/p>\n\n\n\n<p>El personal realizo las maniobras correspondientes para reestablecer su funcionamiento en pocos minutos y la situaci\u00f3n se encuentra normalizada.<\/p>\n","protected":false},"excerpt":{"rendered":"<p>Coopser informa que el corte de energ\u00eda el\u00e9ctrica que afect\u00f3 la zona c\u00e9ntrica de San Pedro, obedeci\u00f3 a la salida de servicio del Alimentador N\u00b02. El personal realizo las maniobras correspondientes para reestablecer su funcionamiento en pocos minutos y la situaci\u00f3n se encuentra normalizada.<\/p>\n","protected":false},"author":4,"featured_media":68312,"comment_status":"open","ping_status":"closed","sticky":false,"template":"","format":"standard","meta":{"om_disable_all_campaigns":false,"_jetpack_memberships_contains_paid_content":false,"footnotes":""},"categories":[101,2],"tags":[],"class_list":["post-91149","post","type-post","status-publish","format-standard","has-post-thumbnail","hentry","category-interes-general-locales","category-locales"],"aioseo_notices":[],"gutentor_comment":0,"jetpack_featured_media_url":"https:\/\/eldiariodesanpedro.com.ar\/sitio\/wp-content\/uploads\/2020\/02\/coopser1.png","jetpack_shortlink":"https:\/\/wp.me\/p6RhLt-nI9","jetpack_sharing_enabled":true,"_links":{"self":[{"href":"https:\/\/eldiariodesanpedro.com.ar\/sitio\/wp-json\/wp\/v2\/posts\/91149","targetHints":{"allow":["GET"]}}],"collection":[{"href":"https:\/\/eldiariodesanpedro.com.ar\/sitio\/wp-json\/wp\/v2\/posts"}],"about":[{"href":"https:\/\/eldiariodesanpedro.com.ar\/sitio\/wp-json\/wp\/v2\/types\/post"}],"author":[{"embeddable":true,"href":"https:\/\/eldiariodesanpedro.com.ar\/sitio\/wp-json\/wp\/v2\/users\/4"}],"replies":[{"embeddable":true,"href":"https:\/\/eldiariodesanpedro.com.ar\/sitio\/wp-json\/wp\/v2\/comments?post=91149"}],"version-history":[{"count":1,"href":"https:\/\/eldiariodesanpedro.com.ar\/sitio\/wp-json\/wp\/v2\/posts\/91149\/revisions"}],"predecessor-version":[{"id":91150,"href":"https:\/\/eldiariodesanpedro.com.ar\/sitio\/wp-json\/wp\/v2\/posts\/91149\/revisions\/91150"}],"wp:featuredmedia":[{"embeddable":true,"href":"https:\/\/eldiariodesanpedro.com.ar\/sitio\/wp-json\/wp\/v2\/media\/68312"}],"wp:attachment":[{"href":"https:\/\/eldiariodesanpedro.com.ar\/sitio\/wp-json\/wp\/v2\/media?parent=91149"}],"wp:term":[{"taxonomy":"category","embeddable":true,"href":"https:\/\/eldiariodesanpedro.com.ar\/sitio\/wp-json\/wp\/v2\/categories?post=91149"},{"taxonomy":"post_tag","embeddable":true,"href":"https:\/\/eldiariodesanpedro.com.ar\/sitio\/wp-json\/wp\/v2\/tags?post=91149"}],"curies":[{"name":"wp","href":"https:\/\/api.w.org\/{rel}","templated":true}]}}