{"id":91145,"date":"2021-04-20T12:30:19","date_gmt":"2021-04-20T15:30:19","guid":{"rendered":"https:\/\/eldiariodesanpedro.com.ar\/sitio\/?p=91145"},"modified":"2021-04-20T12:30:24","modified_gmt":"2021-04-20T15:30:24","slug":"fue-confirmado-que-san-pedro-paso-a-fase-3","status":"publish","type":"post","link":"https:\/\/eldiariodesanpedro.com.ar\/sitio\/fue-confirmado-que-san-pedro-paso-a-fase-3\/","title":{"rendered":"Fue confirmado que San Pedro paso a Fase 3"},"content":{"rendered":"<!-- VideographyWP Plugin Message: Automatic video embedding prevented by plugin options. -->\n\n<p>En al jornada de hoy fueron presentadas las medidas por el Jefe del Gabinete de Ministros, Carlos Bianco, donde remarco que 40 nuevas ciudades pasan a  fase 3, por lo que San Pedro entrar\u00eda dentro de zonas de \u201cAlto Riesgo Epidemiol\u00f3gico y Sanitario\u201d seg\u00fan los par\u00e1metros sanitarios que utiliza Naci\u00f3n para aquellos municipios de m\u00e1s de 40.000 habitantes.<\/p>\n\n\n\n<p>Respecto a Fase 3, el jefe de gabinete dijo: \u00abHay muchos municipios que pasaron a fase 3, muchos de ellos con una l\u00f3gica regional\u00bb, de esta manera, el Jefe de Gabinete se\u00f1al\u00f3 que se actualizaron los criterios para la provincia en pase de fases\u201d.<br>Sobre el panorama complejo de los contagios, Bianco, reiter\u00f3 que el ritmo de crecimiento menor de contagios respecto a la semana anterior que registr\u00f3 un crecimiento del 17 por ciento entre semanas. \u00abEstamos teniendo un crecimiento moderado de los casos\u00bb.<\/p>\n\n\n\n<p>\u00abEl objetivo es poder estabilizar el n\u00famero de casos y que comience a caer lo m\u00e1s temprano posible\u00bb expres\u00f3 el funcionario.<\/p>\n\n\n\n<p>\u00abVamos a seguir adoptando todas las medidas dispuestas por el gobierno nacional, siempre respetando la ley. No vamos a llevar adelante ning\u00fan tipo de operaci\u00f3n de manipulaci\u00f3n judicial para evitar tomar alguna medida de cuidado, que no son de educaci\u00f3n, de restricci\u00f3n, sino que son medidas sanitarias y es la forma en que venimos trabajando como lo dijo el gobernador y el ministro Berni `Dentro de la ley todo, fuera de la ley nada\u00b4 y no vamos a permitir que alguna actitud trasnochada sumerja a nuestra provincia en la anarqu\u00eda\u00bb dispar\u00f3 el jefe de gabinete.<\/p>\n\n\n\n<p><\/p>\n","protected":false},"excerpt":{"rendered":"<p>En al jornada de hoy fueron presentadas las medidas por el Jefe del Gabinete de Ministros, Carlos Bianco, donde remarco que 40 nuevas ciudades pasan a fase 3, por lo que San Pedro entrar\u00eda dentro de zonas de \u201cAlto Riesgo Epidemiol\u00f3gico y Sanitario\u201d seg\u00fan los par\u00e1metros sanitarios que utiliza Naci\u00f3n para aquellos municipios de m\u00e1s [&hellip;]<\/p>\n","protected":false},"author":4,"featured_media":91146,"comment_status":"open","ping_status":"closed","sticky":false,"template":"","format":"standard","meta":{"om_disable_all_campaigns":false,"_jetpack_memberships_contains_paid_content":false,"footnotes":""},"categories":[50,101,2],"tags":[],"class_list":["post-91145","post","type-post","status-publish","format-standard","has-post-thumbnail","hentry","category-destacadas","category-interes-general-locales","category-locales"],"aioseo_notices":[],"gutentor_comment":0,"jetpack_featured_media_url":"https:\/\/eldiariodesanpedro.com.ar\/sitio\/wp-content\/uploads\/2021\/04\/San-Pedro-fase-3.png","jetpack_shortlink":"https:\/\/wp.me\/p6RhLt-nI5","jetpack_sharing_enabled":true,"_links":{"self":[{"href":"https:\/\/eldiariodesanpedro.com.ar\/sitio\/wp-json\/wp\/v2\/posts\/91145","targetHints":{"allow":["GET"]}}],"collection":[{"href":"https:\/\/eldiariodesanpedro.com.ar\/sitio\/wp-json\/wp\/v2\/posts"}],"about":[{"href":"https:\/\/eldiariodesanpedro.com.ar\/sitio\/wp-json\/wp\/v2\/types\/post"}],"author":[{"embeddable":true,"href":"https:\/\/eldiariodesanpedro.com.ar\/sitio\/wp-json\/wp\/v2\/users\/4"}],"replies":[{"embeddable":true,"href":"https:\/\/eldiariodesanpedro.com.ar\/sitio\/wp-json\/wp\/v2\/comments?post=91145"}],"version-history":[{"count":1,"href":"https:\/\/eldiariodesanpedro.com.ar\/sitio\/wp-json\/wp\/v2\/posts\/91145\/revisions"}],"predecessor-version":[{"id":91147,"href":"https:\/\/eldiariodesanpedro.com.ar\/sitio\/wp-json\/wp\/v2\/posts\/91145\/revisions\/91147"}],"wp:featuredmedia":[{"embeddable":true,"href":"https:\/\/eldiariodesanpedro.com.ar\/sitio\/wp-json\/wp\/v2\/media\/91146"}],"wp:attachment":[{"href":"https:\/\/eldiariodesanpedro.com.ar\/sitio\/wp-json\/wp\/v2\/media?parent=91145"}],"wp:term":[{"taxonomy":"category","embeddable":true,"href":"https:\/\/eldiariodesanpedro.com.ar\/sitio\/wp-json\/wp\/v2\/categories?post=91145"},{"taxonomy":"post_tag","embeddable":true,"href":"https:\/\/eldiariodesanpedro.com.ar\/sitio\/wp-json\/wp\/v2\/tags?post=91145"}],"curies":[{"name":"wp","href":"https:\/\/api.w.org\/{rel}","templated":true}]}}