{"id":91142,"date":"2021-04-20T12:24:55","date_gmt":"2021-04-20T15:24:55","guid":{"rendered":"https:\/\/eldiariodesanpedro.com.ar\/sitio\/?p=91142"},"modified":"2021-04-20T12:24:59","modified_gmt":"2021-04-20T15:24:59","slug":"la-provincia-confirmo-que-las-medidas-contra-la-segunda-ola-empiezan-a-dar-resultados","status":"publish","type":"post","link":"https:\/\/eldiariodesanpedro.com.ar\/sitio\/la-provincia-confirmo-que-las-medidas-contra-la-segunda-ola-empiezan-a-dar-resultados\/","title":{"rendered":"La Provincia confirm\u00f3 que las medidas contra la segunda ola \u201cempiezan a dar resultados\u201d"},"content":{"rendered":"<!-- VideographyWP Plugin Message: Automatic video embedding prevented by plugin options. -->\n\n<p>Los funcionarios provinciales indicaron que las primeras restricciones que se tomaron por la segunda ola de coronavirus redundaron una desaceleraci\u00f3n de casos positivos, alivio de las consultas a la l\u00ednea 148 y de la demanda de hisopados.<\/p>\n\n\n\n<p>El&nbsp;<strong>Gobierno bonaerense<\/strong>&nbsp;anunci\u00f3 hoy que&nbsp;<strong>las primeras medidas tomadas el 9 de abril para frenar la segunda ola de coronavirus \u201cempiezan a dar resultados\u201d&nbsp;<\/strong>que se reflejaron en la desaceleraci\u00f3n del ritmo de contagios, la baja de consultas a la l\u00ednea 148 y de la demanda para realizarse hisopados por COVID-19.<\/p>\n\n\n\n<p>As\u00ed lo confirmaron el jefe de Gabinete bonaerense,\u00a0<strong>Carlos Bianco<\/strong>, y el ministro de Salud,\u00a0<strong>Daniel Gollan<\/strong>, en conferencia de prensa desde el Sal\u00f3n Dorado de la Gobernaci\u00f3n, en La Plata, quienes de todas maneras hablaron de un \u201c<strong>optimismo expectante<\/strong>\u201d\u00a0 y de \u201c<strong>cierta esperanza<\/strong>\u201d. \u201cLas primeras medidas empiezan a dar resultados\u201d, sostuvo Gollan.<\/p>\n\n\n\n<p>\u201c<strong>Estamos notando que en la primera semana de restricciones leves, vemos que hay un impacto moderado en la velocidad del crecimiento de casos, ese es un dato objetivo, vemos un 148 con un crecimiento atenuado, y lo mismo en las personas que acuden a hacerse hisopados\u201d<\/strong>, abund\u00f3 Gollan.<\/p>\n\n\n\n<p>En ese sentido,\u00a0<strong>el titular de la cartera sanitaria mostr\u00f3 cierta confianza en el impacto de las nuevas restricciones, al marcar que \u201clas medidas anteriores siempre tuvieron impacto positivo en la curva de contagios porque no hay secretos: a m\u00e1s circulaci\u00f3n m\u00e1s casos\u201d.<\/strong><\/p>\n\n\n\n<p>\u201c<strong>Esta \u00faltima semana aumentaron los casos pero por lo menos se not\u00f3 una desaceleraci\u00f3n en la velocidad de crecimiento<\/strong>, es una buena noticia porque si no, no resiste el sistema sanitario. Hay menos gente que est\u00e1 concurriendo a hisoparte o que llama la l\u00ednea 148, pareciera ser que est\u00e1n dando resultado las medidas\u201d, reforz\u00f3 Gollan.<\/p>\n\n\n\n<p>El Ministro de Salud traz\u00f3 el objetivo de las pr\u00f3ximas semanas. \u201cAhora esperemos ver el impacto en la ocupaci\u00f3n de camas y ver cu\u00e1l es la velocidad de recambio, el a\u00f1o pasado llegamos a 7 d\u00edas, ahora la gente m\u00e1s joven permanece m\u00e1s internada. Como \u00edbamos a la semana pasada en tres semanas no iban a quedar camas en el Conurbano\u201d, a\u00f1adi\u00f3.<\/p>\n\n\n\n<p>Fuente: <a href=\"https:\/\/diputadosbsas.com.ar\/nota\/18925\/la_provincia_confirmo_que_las_nuevas_medidas_contra_la_segunda_ola_empiezan_a_dar_resultados\/?notificacion\">Diputados Bonaerenses<\/a><\/p>\n","protected":false},"excerpt":{"rendered":"<p>Los funcionarios provinciales indicaron que las primeras restricciones que se tomaron por la segunda ola de coronavirus redundaron una desaceleraci\u00f3n de casos positivos, alivio de las consultas a la l\u00ednea 148 y de la demanda de hisopados. El&nbsp;Gobierno bonaerense&nbsp;anunci\u00f3 hoy que&nbsp;las primeras medidas tomadas el 9 de abril para frenar la segunda ola de coronavirus [&hellip;]<\/p>\n","protected":false},"author":4,"featured_media":91143,"comment_status":"open","ping_status":"closed","sticky":false,"template":"","format":"standard","meta":{"om_disable_all_campaigns":false,"_jetpack_memberships_contains_paid_content":false,"footnotes":""},"categories":[621],"tags":[],"class_list":["post-91142","post","type-post","status-publish","format-standard","has-post-thumbnail","hentry","category-regionales"],"aioseo_notices":[],"gutentor_comment":0,"jetpack_featured_media_url":"https:\/\/eldiariodesanpedro.com.ar\/sitio\/wp-content\/uploads\/2021\/04\/20210420110204_20_04_21_restricciones_comercios_1.jpg","jetpack_shortlink":"https:\/\/wp.me\/p6RhLt-nI2","jetpack_sharing_enabled":true,"_links":{"self":[{"href":"https:\/\/eldiariodesanpedro.com.ar\/sitio\/wp-json\/wp\/v2\/posts\/91142","targetHints":{"allow":["GET"]}}],"collection":[{"href":"https:\/\/eldiariodesanpedro.com.ar\/sitio\/wp-json\/wp\/v2\/posts"}],"about":[{"href":"https:\/\/eldiariodesanpedro.com.ar\/sitio\/wp-json\/wp\/v2\/types\/post"}],"author":[{"embeddable":true,"href":"https:\/\/eldiariodesanpedro.com.ar\/sitio\/wp-json\/wp\/v2\/users\/4"}],"replies":[{"embeddable":true,"href":"https:\/\/eldiariodesanpedro.com.ar\/sitio\/wp-json\/wp\/v2\/comments?post=91142"}],"version-history":[{"count":1,"href":"https:\/\/eldiariodesanpedro.com.ar\/sitio\/wp-json\/wp\/v2\/posts\/91142\/revisions"}],"predecessor-version":[{"id":91144,"href":"https:\/\/eldiariodesanpedro.com.ar\/sitio\/wp-json\/wp\/v2\/posts\/91142\/revisions\/91144"}],"wp:featuredmedia":[{"embeddable":true,"href":"https:\/\/eldiariodesanpedro.com.ar\/sitio\/wp-json\/wp\/v2\/media\/91143"}],"wp:attachment":[{"href":"https:\/\/eldiariodesanpedro.com.ar\/sitio\/wp-json\/wp\/v2\/media?parent=91142"}],"wp:term":[{"taxonomy":"category","embeddable":true,"href":"https:\/\/eldiariodesanpedro.com.ar\/sitio\/wp-json\/wp\/v2\/categories?post=91142"},{"taxonomy":"post_tag","embeddable":true,"href":"https:\/\/eldiariodesanpedro.com.ar\/sitio\/wp-json\/wp\/v2\/tags?post=91142"}],"curies":[{"name":"wp","href":"https:\/\/api.w.org\/{rel}","templated":true}]}}