{"id":91140,"date":"2021-04-20T12:19:47","date_gmt":"2021-04-20T15:19:47","guid":{"rendered":"https:\/\/eldiariodesanpedro.com.ar\/sitio\/?p=91140"},"modified":"2021-04-20T12:19:51","modified_gmt":"2021-04-20T15:19:51","slug":"denuncio-que-una-mujer-le-rompio-el-telefono-sin-motivo","status":"publish","type":"post","link":"https:\/\/eldiariodesanpedro.com.ar\/sitio\/denuncio-que-una-mujer-le-rompio-el-telefono-sin-motivo\/","title":{"rendered":"Denuncio que una mujer le rompi\u00f3 el tel\u00e9fono sin motivo"},"content":{"rendered":"<!-- VideographyWP Plugin Message: Automatic video embedding prevented by plugin options. -->\n\n<p>Un empleado del hospital realizo una denuncia en la comsairia lcoal donde denucnio a una mujer que le causo da\u00f1os en su celular.<\/p>\n\n\n\n<p>Este lunes un ciudadano de 40 a\u00f1os  empleado del hospital Emilio Ruffa realizo una denuncia en la comisaria local donde declaro que una mujer a la que desconoce se hace presente en su lugar de trabajo para agredirlo por sin motivos alguno, en el momento de la agresi\u00f3n esta mujer agarra el celular de la victima y lo arroja contra el piso da\u00f1\u00e1ndole la pantalla del mismo. <\/p>\n","protected":false},"excerpt":{"rendered":"<p>Un empleado del hospital realizo una denuncia en la comsairia lcoal donde denucnio a una mujer que le causo da\u00f1os en su celular. Este lunes un ciudadano de 40 a\u00f1os empleado del hospital Emilio Ruffa realizo una denuncia en la comisaria local donde declaro que una mujer a la que desconoce se hace presente en [&hellip;]<\/p>\n","protected":false},"author":4,"featured_media":45394,"comment_status":"open","ping_status":"closed","sticky":false,"template":"","format":"standard","meta":{"om_disable_all_campaigns":false,"_jetpack_memberships_contains_paid_content":false,"footnotes":""},"categories":[2,103],"tags":[],"class_list":["post-91140","post","type-post","status-publish","format-standard","has-post-thumbnail","hentry","category-locales","category-policiales-locales"],"aioseo_notices":[],"gutentor_comment":0,"jetpack_featured_media_url":"https:\/\/eldiariodesanpedro.com.ar\/sitio\/wp-content\/uploads\/2019\/01\/comisaria.jpg","jetpack_shortlink":"https:\/\/wp.me\/p6RhLt-nI0","jetpack_sharing_enabled":true,"_links":{"self":[{"href":"https:\/\/eldiariodesanpedro.com.ar\/sitio\/wp-json\/wp\/v2\/posts\/91140","targetHints":{"allow":["GET"]}}],"collection":[{"href":"https:\/\/eldiariodesanpedro.com.ar\/sitio\/wp-json\/wp\/v2\/posts"}],"about":[{"href":"https:\/\/eldiariodesanpedro.com.ar\/sitio\/wp-json\/wp\/v2\/types\/post"}],"author":[{"embeddable":true,"href":"https:\/\/eldiariodesanpedro.com.ar\/sitio\/wp-json\/wp\/v2\/users\/4"}],"replies":[{"embeddable":true,"href":"https:\/\/eldiariodesanpedro.com.ar\/sitio\/wp-json\/wp\/v2\/comments?post=91140"}],"version-history":[{"count":1,"href":"https:\/\/eldiariodesanpedro.com.ar\/sitio\/wp-json\/wp\/v2\/posts\/91140\/revisions"}],"predecessor-version":[{"id":91141,"href":"https:\/\/eldiariodesanpedro.com.ar\/sitio\/wp-json\/wp\/v2\/posts\/91140\/revisions\/91141"}],"wp:featuredmedia":[{"embeddable":true,"href":"https:\/\/eldiariodesanpedro.com.ar\/sitio\/wp-json\/wp\/v2\/media\/45394"}],"wp:attachment":[{"href":"https:\/\/eldiariodesanpedro.com.ar\/sitio\/wp-json\/wp\/v2\/media?parent=91140"}],"wp:term":[{"taxonomy":"category","embeddable":true,"href":"https:\/\/eldiariodesanpedro.com.ar\/sitio\/wp-json\/wp\/v2\/categories?post=91140"},{"taxonomy":"post_tag","embeddable":true,"href":"https:\/\/eldiariodesanpedro.com.ar\/sitio\/wp-json\/wp\/v2\/tags?post=91140"}],"curies":[{"name":"wp","href":"https:\/\/api.w.org\/{rel}","templated":true}]}}