{"id":91138,"date":"2021-04-20T11:57:33","date_gmt":"2021-04-20T14:57:33","guid":{"rendered":"https:\/\/eldiariodesanpedro.com.ar\/sitio\/?p=91138"},"modified":"2021-04-20T11:57:37","modified_gmt":"2021-04-20T14:57:37","slug":"robaron-una-garrafa-de-10-kg-en-una-vivienda","status":"publish","type":"post","link":"https:\/\/eldiariodesanpedro.com.ar\/sitio\/robaron-una-garrafa-de-10-kg-en-una-vivienda\/","title":{"rendered":"Robaron una garrafa de 10 kg en una vivienda"},"content":{"rendered":"<!-- VideographyWP Plugin Message: Automatic video embedding prevented by plugin options. -->\n\n<p>El dia de ayer lunes se recibi\u00f3 una denuncia por parte de un masculino de 40 a\u00f1os, que el s\u00e1bado pasado en horas de la noche se retir\u00f3 de su domicilio calle molina s\/n, y al regresar medianoche, ignorados sustraen de interior vivienda garrafa de 10 kilos.&nbsp;<\/p>\n\n\n\n<p>Se investiga interviene<\/p>\n","protected":false},"excerpt":{"rendered":"<p>El dia de ayer lunes se recibi\u00f3 una denuncia por parte de un masculino de 40 a\u00f1os, que el s\u00e1bado pasado en horas de la noche se retir\u00f3 de su domicilio calle molina s\/n, y al regresar medianoche, ignorados sustraen de interior vivienda garrafa de 10 kilos.&nbsp; Se investiga interviene<\/p>\n","protected":false},"author":4,"featured_media":77561,"comment_status":"open","ping_status":"closed","sticky":false,"template":"","format":"standard","meta":{"om_disable_all_campaigns":false,"_jetpack_memberships_contains_paid_content":false,"footnotes":""},"categories":[2,103],"tags":[],"class_list":["post-91138","post","type-post","status-publish","format-standard","has-post-thumbnail","hentry","category-locales","category-policiales-locales"],"aioseo_notices":[],"gutentor_comment":0,"jetpack_featured_media_url":"https:\/\/eldiariodesanpedro.com.ar\/sitio\/wp-content\/uploads\/2020\/07\/20200709072134.jpg","jetpack_shortlink":"https:\/\/wp.me\/p6RhLt-nHY","jetpack_sharing_enabled":true,"_links":{"self":[{"href":"https:\/\/eldiariodesanpedro.com.ar\/sitio\/wp-json\/wp\/v2\/posts\/91138","targetHints":{"allow":["GET"]}}],"collection":[{"href":"https:\/\/eldiariodesanpedro.com.ar\/sitio\/wp-json\/wp\/v2\/posts"}],"about":[{"href":"https:\/\/eldiariodesanpedro.com.ar\/sitio\/wp-json\/wp\/v2\/types\/post"}],"author":[{"embeddable":true,"href":"https:\/\/eldiariodesanpedro.com.ar\/sitio\/wp-json\/wp\/v2\/users\/4"}],"replies":[{"embeddable":true,"href":"https:\/\/eldiariodesanpedro.com.ar\/sitio\/wp-json\/wp\/v2\/comments?post=91138"}],"version-history":[{"count":1,"href":"https:\/\/eldiariodesanpedro.com.ar\/sitio\/wp-json\/wp\/v2\/posts\/91138\/revisions"}],"predecessor-version":[{"id":91139,"href":"https:\/\/eldiariodesanpedro.com.ar\/sitio\/wp-json\/wp\/v2\/posts\/91138\/revisions\/91139"}],"wp:featuredmedia":[{"embeddable":true,"href":"https:\/\/eldiariodesanpedro.com.ar\/sitio\/wp-json\/wp\/v2\/media\/77561"}],"wp:attachment":[{"href":"https:\/\/eldiariodesanpedro.com.ar\/sitio\/wp-json\/wp\/v2\/media?parent=91138"}],"wp:term":[{"taxonomy":"category","embeddable":true,"href":"https:\/\/eldiariodesanpedro.com.ar\/sitio\/wp-json\/wp\/v2\/categories?post=91138"},{"taxonomy":"post_tag","embeddable":true,"href":"https:\/\/eldiariodesanpedro.com.ar\/sitio\/wp-json\/wp\/v2\/tags?post=91138"}],"curies":[{"name":"wp","href":"https:\/\/api.w.org\/{rel}","templated":true}]}}