{"id":91119,"date":"2021-04-20T11:05:33","date_gmt":"2021-04-20T14:05:33","guid":{"rendered":"https:\/\/eldiariodesanpedro.com.ar\/sitio\/?p=91119"},"modified":"2021-04-20T11:05:37","modified_gmt":"2021-04-20T14:05:37","slug":"segun-el-nuevo-mapa-de-fases-de-la-provincia-san-pedro-esta-en-fase-3-y-habra-una-conferencia-de-prensa","status":"publish","type":"post","link":"https:\/\/eldiariodesanpedro.com.ar\/sitio\/segun-el-nuevo-mapa-de-fases-de-la-provincia-san-pedro-esta-en-fase-3-y-habra-una-conferencia-de-prensa\/","title":{"rendered":"Seg\u00fan el nuevo mapa de fases de la provincia, San Pedro esta en fase 3 y habr\u00e1 una conferencia de prensa"},"content":{"rendered":"<!-- VideographyWP Plugin Message: Automatic video embedding prevented by plugin options. -->\n\n<p>En la jornada de hoy el Ministro de Salud de la Provincia de Buenos Aires realizo una conferencia de prensa donde informo la situaci\u00f3n epidemiol\u00f3gica de la provincia, por lo que esta tarde el gobierno local realizara una conferencia de prensa explicando las nuevas restricciones..<\/p>\n\n\n\n<p>Como era de esperar por la cantidad de contagios y como ya lo hab\u00eda anticipado el intendente Cecilio Salazar la semana pasada la ciudad paso a fase 3 y hoy se brindara una conferencia de prensa para dar mas detalles de las restricciones.<\/p>\n\n\n\n<p>Lo que esta asegurado es que se restringe que se suspenden las reuniones familiares, restricciones en los salones de eventos, cierre de comercios a las 20 hs, cierre de comercios gastron\u00f3micos a las 23 hs, los deportes en lugares cerrados ser\u00e1n prohibidos, entre otras restricciones que ser\u00e1n informadas esta tarde.<\/p>\n","protected":false},"excerpt":{"rendered":"<p>En la jornada de hoy el Ministro de Salud de la Provincia de Buenos Aires realizo una conferencia de prensa donde informo la situaci\u00f3n epidemiol\u00f3gica de la provincia, por lo que esta tarde el gobierno local realizara una conferencia de prensa explicando las nuevas restricciones.. Como era de esperar por la cantidad de contagios y [&hellip;]<\/p>\n","protected":false},"author":4,"featured_media":91120,"comment_status":"open","ping_status":"closed","sticky":false,"template":"","format":"standard","meta":{"om_disable_all_campaigns":false,"_jetpack_memberships_contains_paid_content":false,"footnotes":""},"categories":[50,101,2],"tags":[],"class_list":["post-91119","post","type-post","status-publish","format-standard","has-post-thumbnail","hentry","category-destacadas","category-interes-general-locales","category-locales"],"aioseo_notices":[],"gutentor_comment":0,"jetpack_featured_media_url":"https:\/\/eldiariodesanpedro.com.ar\/sitio\/wp-content\/uploads\/2021\/04\/6075849c5b871_1004x565.jpg","jetpack_shortlink":"https:\/\/wp.me\/p6RhLt-nHF","jetpack_sharing_enabled":true,"_links":{"self":[{"href":"https:\/\/eldiariodesanpedro.com.ar\/sitio\/wp-json\/wp\/v2\/posts\/91119","targetHints":{"allow":["GET"]}}],"collection":[{"href":"https:\/\/eldiariodesanpedro.com.ar\/sitio\/wp-json\/wp\/v2\/posts"}],"about":[{"href":"https:\/\/eldiariodesanpedro.com.ar\/sitio\/wp-json\/wp\/v2\/types\/post"}],"author":[{"embeddable":true,"href":"https:\/\/eldiariodesanpedro.com.ar\/sitio\/wp-json\/wp\/v2\/users\/4"}],"replies":[{"embeddable":true,"href":"https:\/\/eldiariodesanpedro.com.ar\/sitio\/wp-json\/wp\/v2\/comments?post=91119"}],"version-history":[{"count":1,"href":"https:\/\/eldiariodesanpedro.com.ar\/sitio\/wp-json\/wp\/v2\/posts\/91119\/revisions"}],"predecessor-version":[{"id":91121,"href":"https:\/\/eldiariodesanpedro.com.ar\/sitio\/wp-json\/wp\/v2\/posts\/91119\/revisions\/91121"}],"wp:featuredmedia":[{"embeddable":true,"href":"https:\/\/eldiariodesanpedro.com.ar\/sitio\/wp-json\/wp\/v2\/media\/91120"}],"wp:attachment":[{"href":"https:\/\/eldiariodesanpedro.com.ar\/sitio\/wp-json\/wp\/v2\/media?parent=91119"}],"wp:term":[{"taxonomy":"category","embeddable":true,"href":"https:\/\/eldiariodesanpedro.com.ar\/sitio\/wp-json\/wp\/v2\/categories?post=91119"},{"taxonomy":"post_tag","embeddable":true,"href":"https:\/\/eldiariodesanpedro.com.ar\/sitio\/wp-json\/wp\/v2\/tags?post=91119"}],"curies":[{"name":"wp","href":"https:\/\/api.w.org\/{rel}","templated":true}]}}