{"id":91116,"date":"2021-04-20T10:43:06","date_gmt":"2021-04-20T13:43:06","guid":{"rendered":"https:\/\/eldiariodesanpedro.com.ar\/sitio\/?p=91116"},"modified":"2021-04-20T10:43:12","modified_gmt":"2021-04-20T13:43:12","slug":"la-provincia-dispuso-que-no-habra-cortes-de-luz-por-falta-de-pago-a-sectores-vulnerables","status":"publish","type":"post","link":"https:\/\/eldiariodesanpedro.com.ar\/sitio\/la-provincia-dispuso-que-no-habra-cortes-de-luz-por-falta-de-pago-a-sectores-vulnerables\/","title":{"rendered":"La Provincia dispuso que no habr\u00e1 cortes de luz por falta de pago a sectores vulnerables"},"content":{"rendered":"<!-- VideographyWP Plugin Message: Automatic video embedding prevented by plugin options. -->\n\n<p>El Gobierno bonaerense confirm\u00f3 que las empresas no podr\u00e1n realizar cortes de luz por falta de pago a los sectores vulnerables.<\/p>\n\n\n\n<p>El Gobierno bonaerense resolvi\u00f3 que las empresas que brindan el servicio de energ\u00eda el\u00e9ctrica no podr\u00e1n realizar cortes de luz a los sectores vulnerables. La medida es el marco de la segunda ola de coronavirus y dispuesta como alivio para en medio de las restricciones por la emergencia sanitaria.<\/p>\n\n\n\n<p>La disposici\u00f3n se implementar\u00e1 a trav\u00e9s del Ministerio de Infraestructura y Servicios P\u00fablicos y estableci\u00f3 que las distribuidoras del servicio el\u00e9ctrico \u201cno podr\u00e1n, en el contexto de la emergencia sanitaria declarada a nivel nacional, disponer de la suspensi\u00f3n o el corte del suministro de energ\u00eda el\u00e9ctrica en caso de mora o falta de pago de hasta tres (3) facturas consecutivas con vencimientos desde el 1\u00b0 de marzo de 2020\u201d.<\/p>\n\n\n\n<p><strong>\u00bfA qu\u00e9 usuarios no les podr\u00e1n realizar cortes de luz por falta de pago?<\/strong><br>Beneficiarios y beneficiarias de la Asignaci\u00f3n Universal por Hijo (AUH) y la Asignaci\u00f3n por Embarazo.<br>Beneficiarios y beneficiarias de Pensiones no Contributivas que perciban ingresos mensuales brutos no superiores a DOS (2) veces el Salario M\u00ednimo Vital y M\u00f3vil.<br>Usuarios inscriptos y usuarias inscriptas en el R\u00e9gimen de Monotributo Social.<br>Jubilados y jubiladas; pensionadas y pensionados; y trabajadores y trabajadoras en relaci\u00f3n de dependencia que perciban una remuneraci\u00f3n bruta menor o igual a DOS (2) Salarios M\u00ednimos Vitales y M\u00f3viles.<br>Trabajadores monotributistas inscriptos y trabajadoras monotributistas inscriptas en una categor\u00eda cuyo ingreso anual mensualizado no supere en DOS (2) veces el Salario M\u00ednimo Vital y M\u00f3vil.<br>Usuarios y usuarias que perciben seguro de desempleo.<br>Electrodependientes, beneficiarios de la Ley N\u00b0 27.351.<br>Usuarios incorporados y usuarias incorporadas en el R\u00e9gimen Especial de Seguridad Social para Empleados de Casas Particulares (Ley N\u00b0 26.844).<br>Exentos en el pago de ABL o tributos locales de igual naturaleza.<\/p>\n\n\n\n<p><strong>\u00bfQui\u00e9nes no son alcanzados por la medida que proh\u00edbe cortes de luz?<\/strong><br>Las Micro, Peque\u00f1as y Medianas Empresas (MiPyMES), conforme lo dispuesto por la Ley N\u00b0 25.300 afectadas en la emergencia, seg\u00fan lo establezca la reglamentaci\u00f3n;<br>Las Cooperativas de Trabajo o Empresas Recuperadas inscriptas en el INSTITUTO NACIONAL DE ASOCIATIVISMO Y ECONOM\u00cdA SOCIAL (INAES) afectadas en la emergencia, seg\u00fan lo establezca la reglamentaci\u00f3n;<br>Las instituciones de salud, p\u00fablicas y privadas afectadas en la emergencia, seg\u00fan lo establezca la reglamentaci\u00f3n;<br>Las Entidades de Bien P\u00fablico que contribuyan a la elaboraci\u00f3n y distribuci\u00f3n de alimentos en el marco de la emergencia alimentaria.<br>De este modo, el Ministerio de Infraestructura y Servicios P\u00fablicos facult\u00f3 al Organismo de Control de Energ\u00eda El\u00e9ctrica de la Provincia de Buenos Aires (OCEBA) a determinar las pautas y condiciones para la implementaci\u00f3n de las medidas adoptadas.<\/p>\n","protected":false},"excerpt":{"rendered":"<p>El Gobierno bonaerense confirm\u00f3 que las empresas no podr\u00e1n realizar cortes de luz por falta de pago a los sectores vulnerables. El Gobierno bonaerense resolvi\u00f3 que las empresas que brindan el servicio de energ\u00eda el\u00e9ctrica no podr\u00e1n realizar cortes de luz a los sectores vulnerables. La medida es el marco de la segunda ola de [&hellip;]<\/p>\n","protected":false},"author":4,"featured_media":91117,"comment_status":"open","ping_status":"closed","sticky":false,"template":"","format":"standard","meta":{"om_disable_all_campaigns":false,"_jetpack_memberships_contains_paid_content":false,"footnotes":""},"categories":[621],"tags":[],"class_list":["post-91116","post","type-post","status-publish","format-standard","has-post-thumbnail","hentry","category-regionales"],"aioseo_notices":[],"gutentor_comment":0,"jetpack_featured_media_url":"https:\/\/eldiariodesanpedro.com.ar\/sitio\/wp-content\/uploads\/2021\/04\/electrica_5.jpg","jetpack_shortlink":"https:\/\/wp.me\/p6RhLt-nHC","jetpack_sharing_enabled":true,"_links":{"self":[{"href":"https:\/\/eldiariodesanpedro.com.ar\/sitio\/wp-json\/wp\/v2\/posts\/91116","targetHints":{"allow":["GET"]}}],"collection":[{"href":"https:\/\/eldiariodesanpedro.com.ar\/sitio\/wp-json\/wp\/v2\/posts"}],"about":[{"href":"https:\/\/eldiariodesanpedro.com.ar\/sitio\/wp-json\/wp\/v2\/types\/post"}],"author":[{"embeddable":true,"href":"https:\/\/eldiariodesanpedro.com.ar\/sitio\/wp-json\/wp\/v2\/users\/4"}],"replies":[{"embeddable":true,"href":"https:\/\/eldiariodesanpedro.com.ar\/sitio\/wp-json\/wp\/v2\/comments?post=91116"}],"version-history":[{"count":1,"href":"https:\/\/eldiariodesanpedro.com.ar\/sitio\/wp-json\/wp\/v2\/posts\/91116\/revisions"}],"predecessor-version":[{"id":91118,"href":"https:\/\/eldiariodesanpedro.com.ar\/sitio\/wp-json\/wp\/v2\/posts\/91116\/revisions\/91118"}],"wp:featuredmedia":[{"embeddable":true,"href":"https:\/\/eldiariodesanpedro.com.ar\/sitio\/wp-json\/wp\/v2\/media\/91117"}],"wp:attachment":[{"href":"https:\/\/eldiariodesanpedro.com.ar\/sitio\/wp-json\/wp\/v2\/media?parent=91116"}],"wp:term":[{"taxonomy":"category","embeddable":true,"href":"https:\/\/eldiariodesanpedro.com.ar\/sitio\/wp-json\/wp\/v2\/categories?post=91116"},{"taxonomy":"post_tag","embeddable":true,"href":"https:\/\/eldiariodesanpedro.com.ar\/sitio\/wp-json\/wp\/v2\/tags?post=91116"}],"curies":[{"name":"wp","href":"https:\/\/api.w.org\/{rel}","templated":true}]}}