{"id":91114,"date":"2021-04-20T10:39:43","date_gmt":"2021-04-20T13:39:43","guid":{"rendered":"https:\/\/eldiariodesanpedro.com.ar\/sitio\/?p=91114"},"modified":"2021-04-20T10:39:49","modified_gmt":"2021-04-20T13:39:49","slug":"un-aprehendido-por-paradero-activo-8","status":"publish","type":"post","link":"https:\/\/eldiariodesanpedro.com.ar\/sitio\/un-aprehendido-por-paradero-activo-8\/","title":{"rendered":"Un aprehendido por paradero activo"},"content":{"rendered":"<!-- VideographyWP Plugin Message: Automatic video embedding prevented by plugin options. -->\n\n<p>En la tarde de ayer lunes el personal policial de R\u00edo Tala, en ex ruta 9 km 152 de este medio, se procede identificaci\u00f3n de masculino de 36 a\u00f1os de edad, quien consultado red inform\u00e1tica policial donde se determinado que registra pedido de paradero activo en el marco de Causa Judicial que tramita la Justicia de Z\u00e1rate-Campana.&nbsp;<\/p>\n\n\n\n<p>Se cumplieron recaudos legales.&nbsp;<\/p>\n","protected":false},"excerpt":{"rendered":"<p>En la tarde de ayer lunes el personal policial de R\u00edo Tala, en ex ruta 9 km 152 de este medio, se procede identificaci\u00f3n de masculino de 36 a\u00f1os de edad, quien consultado red inform\u00e1tica policial donde se determinado que registra pedido de paradero activo en el marco de Causa Judicial que tramita la Justicia [&hellip;]<\/p>\n","protected":false},"author":4,"featured_media":66784,"comment_status":"open","ping_status":"closed","sticky":false,"template":"","format":"standard","meta":{"om_disable_all_campaigns":false,"_jetpack_memberships_contains_paid_content":false,"footnotes":""},"categories":[2,103],"tags":[],"class_list":["post-91114","post","type-post","status-publish","format-standard","has-post-thumbnail","hentry","category-locales","category-policiales-locales"],"aioseo_notices":[],"gutentor_comment":0,"jetpack_featured_media_url":"https:\/\/eldiariodesanpedro.com.ar\/sitio\/wp-content\/uploads\/2020\/01\/detenido-1.jpg","jetpack_shortlink":"https:\/\/wp.me\/p6RhLt-nHA","jetpack_sharing_enabled":true,"_links":{"self":[{"href":"https:\/\/eldiariodesanpedro.com.ar\/sitio\/wp-json\/wp\/v2\/posts\/91114","targetHints":{"allow":["GET"]}}],"collection":[{"href":"https:\/\/eldiariodesanpedro.com.ar\/sitio\/wp-json\/wp\/v2\/posts"}],"about":[{"href":"https:\/\/eldiariodesanpedro.com.ar\/sitio\/wp-json\/wp\/v2\/types\/post"}],"author":[{"embeddable":true,"href":"https:\/\/eldiariodesanpedro.com.ar\/sitio\/wp-json\/wp\/v2\/users\/4"}],"replies":[{"embeddable":true,"href":"https:\/\/eldiariodesanpedro.com.ar\/sitio\/wp-json\/wp\/v2\/comments?post=91114"}],"version-history":[{"count":1,"href":"https:\/\/eldiariodesanpedro.com.ar\/sitio\/wp-json\/wp\/v2\/posts\/91114\/revisions"}],"predecessor-version":[{"id":91115,"href":"https:\/\/eldiariodesanpedro.com.ar\/sitio\/wp-json\/wp\/v2\/posts\/91114\/revisions\/91115"}],"wp:featuredmedia":[{"embeddable":true,"href":"https:\/\/eldiariodesanpedro.com.ar\/sitio\/wp-json\/wp\/v2\/media\/66784"}],"wp:attachment":[{"href":"https:\/\/eldiariodesanpedro.com.ar\/sitio\/wp-json\/wp\/v2\/media?parent=91114"}],"wp:term":[{"taxonomy":"category","embeddable":true,"href":"https:\/\/eldiariodesanpedro.com.ar\/sitio\/wp-json\/wp\/v2\/categories?post=91114"},{"taxonomy":"post_tag","embeddable":true,"href":"https:\/\/eldiariodesanpedro.com.ar\/sitio\/wp-json\/wp\/v2\/tags?post=91114"}],"curies":[{"name":"wp","href":"https:\/\/api.w.org\/{rel}","templated":true}]}}