{"id":91112,"date":"2021-04-20T11:32:35","date_gmt":"2021-04-20T14:32:35","guid":{"rendered":"https:\/\/eldiariodesanpedro.com.ar\/sitio\/?p=91112"},"modified":"2021-04-20T11:42:20","modified_gmt":"2021-04-20T14:42:20","slug":"confuso-episodio-por-la-venta-de-un-automovil-donde-dos-personas-fueron-aprehendidas","status":"publish","type":"post","link":"https:\/\/eldiariodesanpedro.com.ar\/sitio\/confuso-episodio-por-la-venta-de-un-automovil-donde-dos-personas-fueron-aprehendidas\/","title":{"rendered":"Confuso episodio por la venta de un autom\u00f3vil donde dos personas fueron aprehendidas"},"content":{"rendered":"<!-- VideographyWP Plugin Message: Automatic video embedding prevented by plugin options. -->\n\n<p>En la ma\u00f1ana de ayer el personal policial de la comisar\u00eda alertado por cuesti\u00f3n entre partes comerciales de una venta de un autom\u00f3vil no satisfecha y realizada sin documentaci\u00f3n correspondiente,\u00a0 realiz\u00f3 un operativo cerrojo\u00a0 interceptando en calle Gomendio y Las Heras a un autom\u00f3vil,\u00a0 aprehendiendo a dos masculinos ocupantes, siendo una de las partes involucradas.\u00a0<\/p>\n\n\n\n<p>Lo que se pudo determinar tras la aprehensi\u00f3n es que los sujetos fueron hasta el domicilio del denunciante quien era el tenedor del rodado en cuesti\u00f3n y quien por falta de pago estas personas decidieron retirarle el veh\u00edculo. <\/p>\n\n\n\n<p>Los dos sujetos fueron aprehendidos por que al momento de ser identificados por los efectivos policiales, el conductor de 21 a\u00f1os de edad se resisti\u00f3 al proceder, mientras que al acompa\u00f1ante de 20, se le secuestr\u00f3 sustancia marihuana peso 14,1gms.\u00a0<\/p>\n\n\n\n<p>El autom\u00f3vil fue secuestrado y puesto a disposici\u00f3n del Juzgado de Faltas local, por carecer de documentaci\u00f3n reglamentaria.&nbsp;<\/p>\n\n\n\n<p>Tras cumplir recaudos legales los aprehendidos recuper\u00f3 la libertad.<\/p>\n","protected":false},"excerpt":{"rendered":"<p>En la ma\u00f1ana de ayer el personal policial de la comisar\u00eda alertado por cuesti\u00f3n entre partes comerciales de una venta de un autom\u00f3vil no satisfecha y realizada sin documentaci\u00f3n correspondiente,\u00a0 realiz\u00f3 un operativo cerrojo\u00a0 interceptando en calle Gomendio y Las Heras a un autom\u00f3vil,\u00a0 aprehendiendo a dos masculinos ocupantes, siendo una de las partes involucradas.\u00a0 [&hellip;]<\/p>\n","protected":false},"author":4,"featured_media":67079,"comment_status":"open","ping_status":"closed","sticky":false,"template":"","format":"standard","meta":{"om_disable_all_campaigns":false,"_jetpack_memberships_contains_paid_content":false,"footnotes":""},"categories":[2,103],"tags":[],"class_list":["post-91112","post","type-post","status-publish","format-standard","has-post-thumbnail","hentry","category-locales","category-policiales-locales"],"aioseo_notices":[],"gutentor_comment":0,"jetpack_featured_media_url":"https:\/\/eldiariodesanpedro.com.ar\/sitio\/wp-content\/uploads\/2020\/01\/menor-detenido3.jpg","jetpack_shortlink":"https:\/\/wp.me\/p6RhLt-nHy","jetpack_sharing_enabled":true,"_links":{"self":[{"href":"https:\/\/eldiariodesanpedro.com.ar\/sitio\/wp-json\/wp\/v2\/posts\/91112","targetHints":{"allow":["GET"]}}],"collection":[{"href":"https:\/\/eldiariodesanpedro.com.ar\/sitio\/wp-json\/wp\/v2\/posts"}],"about":[{"href":"https:\/\/eldiariodesanpedro.com.ar\/sitio\/wp-json\/wp\/v2\/types\/post"}],"author":[{"embeddable":true,"href":"https:\/\/eldiariodesanpedro.com.ar\/sitio\/wp-json\/wp\/v2\/users\/4"}],"replies":[{"embeddable":true,"href":"https:\/\/eldiariodesanpedro.com.ar\/sitio\/wp-json\/wp\/v2\/comments?post=91112"}],"version-history":[{"count":3,"href":"https:\/\/eldiariodesanpedro.com.ar\/sitio\/wp-json\/wp\/v2\/posts\/91112\/revisions"}],"predecessor-version":[{"id":91136,"href":"https:\/\/eldiariodesanpedro.com.ar\/sitio\/wp-json\/wp\/v2\/posts\/91112\/revisions\/91136"}],"wp:featuredmedia":[{"embeddable":true,"href":"https:\/\/eldiariodesanpedro.com.ar\/sitio\/wp-json\/wp\/v2\/media\/67079"}],"wp:attachment":[{"href":"https:\/\/eldiariodesanpedro.com.ar\/sitio\/wp-json\/wp\/v2\/media?parent=91112"}],"wp:term":[{"taxonomy":"category","embeddable":true,"href":"https:\/\/eldiariodesanpedro.com.ar\/sitio\/wp-json\/wp\/v2\/categories?post=91112"},{"taxonomy":"post_tag","embeddable":true,"href":"https:\/\/eldiariodesanpedro.com.ar\/sitio\/wp-json\/wp\/v2\/tags?post=91112"}],"curies":[{"name":"wp","href":"https:\/\/api.w.org\/{rel}","templated":true}]}}