{"id":91110,"date":"2021-04-20T10:20:10","date_gmt":"2021-04-20T13:20:10","guid":{"rendered":"https:\/\/eldiariodesanpedro.com.ar\/sitio\/?p=91110"},"modified":"2021-04-20T10:20:15","modified_gmt":"2021-04-20T13:20:15","slug":"un-menor-aprehendido-con-tenencia-de-estupefacientes","status":"publish","type":"post","link":"https:\/\/eldiariodesanpedro.com.ar\/sitio\/un-menor-aprehendido-con-tenencia-de-estupefacientes\/","title":{"rendered":"Un menor aprehendido con tenencia de estupefacientes"},"content":{"rendered":"<!-- VideographyWP Plugin Message: Automatic video embedding prevented by plugin options. -->\n\n<p>La polic\u00eda perteneciente a la comisaria de nuestra ciudad durante la tarde de ayer lunes realizo operativos dinamicos en la v\u00eda publica haci\u00e9ndose presente en calle Manuel Iglesias y D\u00e1vila donde aprehenden a joven de 17 a\u00f1os de edad, a quien se le secuestro cigarrillo armado marihuana \u00ednfimo pesaje.<\/p>\n\n\n\n<p>En el caso intervino la justicia juvenil de San Nicol\u00e1s, el joven fue liberado tras ser informado de la causa.<\/p>\n","protected":false},"excerpt":{"rendered":"<p>La polic\u00eda perteneciente a la comisaria de nuestra ciudad durante la tarde de ayer lunes realizo operativos dinamicos en la v\u00eda publica haci\u00e9ndose presente en calle Manuel Iglesias y D\u00e1vila donde aprehenden a joven de 17 a\u00f1os de edad, a quien se le secuestro cigarrillo armado marihuana \u00ednfimo pesaje. En el caso intervino la justicia [&hellip;]<\/p>\n","protected":false},"author":4,"featured_media":77860,"comment_status":"open","ping_status":"closed","sticky":false,"template":"","format":"standard","meta":{"om_disable_all_campaigns":false,"_jetpack_memberships_contains_paid_content":false,"footnotes":""},"categories":[2,103],"tags":[],"class_list":["post-91110","post","type-post","status-publish","format-standard","has-post-thumbnail","hentry","category-locales","category-policiales-locales"],"aioseo_notices":[],"gutentor_comment":0,"jetpack_featured_media_url":"https:\/\/eldiariodesanpedro.com.ar\/sitio\/wp-content\/uploads\/2020\/07\/000085506.jpg","jetpack_shortlink":"https:\/\/wp.me\/p6RhLt-nHw","jetpack_sharing_enabled":true,"_links":{"self":[{"href":"https:\/\/eldiariodesanpedro.com.ar\/sitio\/wp-json\/wp\/v2\/posts\/91110","targetHints":{"allow":["GET"]}}],"collection":[{"href":"https:\/\/eldiariodesanpedro.com.ar\/sitio\/wp-json\/wp\/v2\/posts"}],"about":[{"href":"https:\/\/eldiariodesanpedro.com.ar\/sitio\/wp-json\/wp\/v2\/types\/post"}],"author":[{"embeddable":true,"href":"https:\/\/eldiariodesanpedro.com.ar\/sitio\/wp-json\/wp\/v2\/users\/4"}],"replies":[{"embeddable":true,"href":"https:\/\/eldiariodesanpedro.com.ar\/sitio\/wp-json\/wp\/v2\/comments?post=91110"}],"version-history":[{"count":1,"href":"https:\/\/eldiariodesanpedro.com.ar\/sitio\/wp-json\/wp\/v2\/posts\/91110\/revisions"}],"predecessor-version":[{"id":91111,"href":"https:\/\/eldiariodesanpedro.com.ar\/sitio\/wp-json\/wp\/v2\/posts\/91110\/revisions\/91111"}],"wp:featuredmedia":[{"embeddable":true,"href":"https:\/\/eldiariodesanpedro.com.ar\/sitio\/wp-json\/wp\/v2\/media\/77860"}],"wp:attachment":[{"href":"https:\/\/eldiariodesanpedro.com.ar\/sitio\/wp-json\/wp\/v2\/media?parent=91110"}],"wp:term":[{"taxonomy":"category","embeddable":true,"href":"https:\/\/eldiariodesanpedro.com.ar\/sitio\/wp-json\/wp\/v2\/categories?post=91110"},{"taxonomy":"post_tag","embeddable":true,"href":"https:\/\/eldiariodesanpedro.com.ar\/sitio\/wp-json\/wp\/v2\/tags?post=91110"}],"curies":[{"name":"wp","href":"https:\/\/api.w.org\/{rel}","templated":true}]}}