{"id":91100,"date":"2021-04-19T19:41:38","date_gmt":"2021-04-19T22:41:38","guid":{"rendered":"https:\/\/eldiariodesanpedro.com.ar\/sitio\/?p=91100"},"modified":"2021-04-19T19:51:54","modified_gmt":"2021-04-19T22:51:54","slug":"coronavirus-se-recibieron-30-positivos-y-28-negativos-los-activos-suben-a-193","status":"publish","type":"post","link":"https:\/\/eldiariodesanpedro.com.ar\/sitio\/coronavirus-se-recibieron-30-positivos-y-28-negativos-los-activos-suben-a-193\/","title":{"rendered":"Coronavirus: Se recibieron 30 positivos y 28 negativos, los activos suben a 193"},"content":{"rendered":"<!-- VideographyWP Plugin Message: Automatic video embedding prevented by plugin options. -->\n\n<p>La Secretar\u00eda de Salud de la Municipalidad de San Pedro brinda el informe que acompa\u00f1a la placa del d\u00eda de la fecha, en el seguimiento de la Pandemia de Covid-19.<\/p>\n\n\n\n<p>Se recibieron del Laboratorio Central Lab los resultados de los \u00faltimos env\u00edos de muestras con 22 positivos, y se confirmaron 8 casos positivos, a trav\u00e9s de los testeos r\u00e1pidos que se realizan en el Laboratorio del Hospital, totalizando 30 nuevos casos positivos.<\/p>\n\n\n\n<p>Sobre el resto de las muestras, el Laboratorio Central Lab inform\u00f3 21 resultados negativos. Quedan pendientes 3 muestras. Desde el Laboratorio del Hospital, se informaron 7 testeos r\u00e1pidos negativos que totalizan 28 resultados negativos.<\/p>\n\n\n\n<p>Los positivos est\u00e1n divididos en:<\/p>\n\n\n\n<ul class=\"wp-block-list\"><li>Central Lab:<\/li><li>10 mujeres de 17, 19, 21, 41, 43, 49, 56, 57, 61 y 79 a\u00f1os.<\/li><li>12 hombres de 22, 26, 31, 34, 38(2), 43(2), 49, 50, 57 y 67 a\u00f1os.<\/li><li>Laboratorio del Hospital: Mujeres de 25, 36 y 81 a\u00f1os; y hombres de 33, 38, 40, 43 y 46 a\u00f1os.<\/li><li>Se inform\u00f3 el fallecimiento de la Sra. Stella Maris Santachita de 73 a\u00f1os, internada con COVID 19 positivo. Su deceso se convierte en el N\u00b0 93 desde el inicio de la Pandemia.<\/li><li>Se incorporan a la estad\u00edstica oficial 20 altas.<\/li><\/ul>\n\n\n\n<p>Resumen actualizado de informaci\u00f3n oficial<\/p>\n\n\n\n<p>Positivos desde el inicio de la Pandemia: 2811<\/p>\n\n\n\n<p>Activos: 193<\/p>\n\n\n\n<p>Recuperados: 2525<\/p>\n\n\n\n<p>Fallecidos: 93<\/p>\n\n\n\n<p>Negativos desde el inicio de la Pandemia: 4454<\/p>\n\n\n\n<p>Los datos consignados en este informe corresponden a casos analizados a trav\u00e9s hisopados realizados en los \u00abconsultorios amarillos\u00bb analizados por el Laboratorio Central Lab y testeos r\u00e1pidos efectuados en el Laboratorio del Hospital.<\/p>\n\n\n\n<p>&#x1f449; Usar tapabocas.<br>&#x1f449; Mantener la distancia m\u00ednima de 2 metros.<br>&#x1f449; Extremar la higiene de los espacios.<br>&#x1f449; Mantener las manos limpias.<\/p>\n\n\n\n<p>Se recuerda que, ante s\u00edntomas de tos seca, fiebre y dolor de garganta se puede llamar al 148 o 107<\/p>\n","protected":false},"excerpt":{"rendered":"<p>La Secretar\u00eda de Salud de la Municipalidad de San Pedro brinda el informe que acompa\u00f1a la placa del d\u00eda de la fecha, en el seguimiento de la Pandemia de Covid-19. Se recibieron del Laboratorio Central Lab los resultados de los \u00faltimos env\u00edos de muestras con 22 positivos, y se confirmaron 8 casos positivos, a trav\u00e9s [&hellip;]<\/p>\n","protected":false},"author":4,"featured_media":75824,"comment_status":"open","ping_status":"closed","sticky":false,"template":"","format":"standard","meta":{"om_disable_all_campaigns":false,"_jetpack_memberships_contains_paid_content":false,"footnotes":""},"categories":[50,101,2],"tags":[],"class_list":["post-91100","post","type-post","status-publish","format-standard","has-post-thumbnail","hentry","category-destacadas","category-interes-general-locales","category-locales"],"aioseo_notices":[],"gutentor_comment":0,"jetpack_featured_media_url":"https:\/\/eldiariodesanpedro.com.ar\/sitio\/wp-content\/uploads\/2020\/06\/coronavirus-2_124fd4e7k7j5f1lzjl9z2tf65c.jpg","jetpack_shortlink":"https:\/\/wp.me\/p6RhLt-nHm","jetpack_sharing_enabled":true,"_links":{"self":[{"href":"https:\/\/eldiariodesanpedro.com.ar\/sitio\/wp-json\/wp\/v2\/posts\/91100","targetHints":{"allow":["GET"]}}],"collection":[{"href":"https:\/\/eldiariodesanpedro.com.ar\/sitio\/wp-json\/wp\/v2\/posts"}],"about":[{"href":"https:\/\/eldiariodesanpedro.com.ar\/sitio\/wp-json\/wp\/v2\/types\/post"}],"author":[{"embeddable":true,"href":"https:\/\/eldiariodesanpedro.com.ar\/sitio\/wp-json\/wp\/v2\/users\/4"}],"replies":[{"embeddable":true,"href":"https:\/\/eldiariodesanpedro.com.ar\/sitio\/wp-json\/wp\/v2\/comments?post=91100"}],"version-history":[{"count":2,"href":"https:\/\/eldiariodesanpedro.com.ar\/sitio\/wp-json\/wp\/v2\/posts\/91100\/revisions"}],"predecessor-version":[{"id":91103,"href":"https:\/\/eldiariodesanpedro.com.ar\/sitio\/wp-json\/wp\/v2\/posts\/91100\/revisions\/91103"}],"wp:featuredmedia":[{"embeddable":true,"href":"https:\/\/eldiariodesanpedro.com.ar\/sitio\/wp-json\/wp\/v2\/media\/75824"}],"wp:attachment":[{"href":"https:\/\/eldiariodesanpedro.com.ar\/sitio\/wp-json\/wp\/v2\/media?parent=91100"}],"wp:term":[{"taxonomy":"category","embeddable":true,"href":"https:\/\/eldiariodesanpedro.com.ar\/sitio\/wp-json\/wp\/v2\/categories?post=91100"},{"taxonomy":"post_tag","embeddable":true,"href":"https:\/\/eldiariodesanpedro.com.ar\/sitio\/wp-json\/wp\/v2\/tags?post=91100"}],"curies":[{"name":"wp","href":"https:\/\/api.w.org\/{rel}","templated":true}]}}