{"id":91097,"date":"2021-04-19T18:29:09","date_gmt":"2021-04-19T21:29:09","guid":{"rendered":"https:\/\/eldiariodesanpedro.com.ar\/sitio\/?p=91097"},"modified":"2021-04-19T18:29:14","modified_gmt":"2021-04-19T21:29:14","slug":"san-nicolas-caso-donato-la-pericia-dice-que-el-acusado-no-comprende-la-criminalidad-de-sus-actos","status":"publish","type":"post","link":"https:\/\/eldiariodesanpedro.com.ar\/sitio\/san-nicolas-caso-donato-la-pericia-dice-que-el-acusado-no-comprende-la-criminalidad-de-sus-actos\/","title":{"rendered":"SAN NICOL\u00c1S | Caso Donato: La pericia dice que el acusado \u00abno comprende la criminalidad de sus actos\u00bb"},"content":{"rendered":"<!-- VideographyWP Plugin Message: Automatic video embedding prevented by plugin options. -->\n\n<p>Julio Tanus, fiscal de la causa que investiga el asesinato de Carlos Donato, ocurrido en octubre de 2020; dialog\u00f3 con Radio Net y dio detalles del avance de las pericias realizadas al Sergio Tissi, \u00fanico detenido y acusado por el crimen.<\/p>\n\n\n\n<p>Seg\u00fan la pericia psicol\u00f3gica, Tissi \u00abno comprende la criminalidad de sus actos\u00bb por lo que podr\u00eda ser considerado inimputable y as\u00ed evitar un juicio oral y p\u00fablico. En este sentido, la defensa pedir\u00eda el sobreseimiento del acusado.<\/p>\n\n\n\n<p>Por su parte desde la fiscal\u00eda buscar\u00e1n que se profundicen las pericias para comprobar su responsabilidad en el asesinato. En esta l\u00ednea, si las pruebas de ADN coinciden con las muestras encontradas en el escenario del crimen, se aplicar\u00edan medidas de seguridad y Sergio Tissi quedar\u00eda alojado en un centro psiqui\u00e1trico durante varios a\u00f1os.<\/p>\n\n\n\n<p>Fuente: <a href=\"http:\/\/www.diarioelinformante.com.ar\/nota-61360_caso-donato-la-pericia-dice-que-el-acusado-no-comprende-la-criminalidad-de-sus-actos\">Diario El Infromante<\/a><\/p>\n","protected":false},"excerpt":{"rendered":"<p>Julio Tanus, fiscal de la causa que investiga el asesinato de Carlos Donato, ocurrido en octubre de 2020; dialog\u00f3 con Radio Net y dio detalles del avance de las pericias realizadas al Sergio Tissi, \u00fanico detenido y acusado por el crimen. Seg\u00fan la pericia psicol\u00f3gica, Tissi \u00abno comprende la criminalidad de sus actos\u00bb por lo [&hellip;]<\/p>\n","protected":false},"author":4,"featured_media":91098,"comment_status":"open","ping_status":"closed","sticky":false,"template":"","format":"standard","meta":{"om_disable_all_campaigns":false,"_jetpack_memberships_contains_paid_content":false,"footnotes":""},"categories":[621],"tags":[],"class_list":["post-91097","post","type-post","status-publish","format-standard","has-post-thumbnail","hentry","category-regionales"],"aioseo_notices":[],"gutentor_comment":0,"jetpack_featured_media_url":"https:\/\/eldiariodesanpedro.com.ar\/sitio\/wp-content\/uploads\/2021\/04\/conmarca30822.jpg","jetpack_shortlink":"https:\/\/wp.me\/p6RhLt-nHj","jetpack_sharing_enabled":true,"_links":{"self":[{"href":"https:\/\/eldiariodesanpedro.com.ar\/sitio\/wp-json\/wp\/v2\/posts\/91097","targetHints":{"allow":["GET"]}}],"collection":[{"href":"https:\/\/eldiariodesanpedro.com.ar\/sitio\/wp-json\/wp\/v2\/posts"}],"about":[{"href":"https:\/\/eldiariodesanpedro.com.ar\/sitio\/wp-json\/wp\/v2\/types\/post"}],"author":[{"embeddable":true,"href":"https:\/\/eldiariodesanpedro.com.ar\/sitio\/wp-json\/wp\/v2\/users\/4"}],"replies":[{"embeddable":true,"href":"https:\/\/eldiariodesanpedro.com.ar\/sitio\/wp-json\/wp\/v2\/comments?post=91097"}],"version-history":[{"count":1,"href":"https:\/\/eldiariodesanpedro.com.ar\/sitio\/wp-json\/wp\/v2\/posts\/91097\/revisions"}],"predecessor-version":[{"id":91099,"href":"https:\/\/eldiariodesanpedro.com.ar\/sitio\/wp-json\/wp\/v2\/posts\/91097\/revisions\/91099"}],"wp:featuredmedia":[{"embeddable":true,"href":"https:\/\/eldiariodesanpedro.com.ar\/sitio\/wp-json\/wp\/v2\/media\/91098"}],"wp:attachment":[{"href":"https:\/\/eldiariodesanpedro.com.ar\/sitio\/wp-json\/wp\/v2\/media?parent=91097"}],"wp:term":[{"taxonomy":"category","embeddable":true,"href":"https:\/\/eldiariodesanpedro.com.ar\/sitio\/wp-json\/wp\/v2\/categories?post=91097"},{"taxonomy":"post_tag","embeddable":true,"href":"https:\/\/eldiariodesanpedro.com.ar\/sitio\/wp-json\/wp\/v2\/tags?post=91097"}],"curies":[{"name":"wp","href":"https:\/\/api.w.org\/{rel}","templated":true}]}}