{"id":91094,"date":"2021-04-19T18:26:14","date_gmt":"2021-04-19T21:26:14","guid":{"rendered":"https:\/\/eldiariodesanpedro.com.ar\/sitio\/?p=91094"},"modified":"2021-04-19T18:26:18","modified_gmt":"2021-04-19T21:26:18","slug":"ramallo-preocupacion-por-el-aumento-de-casos-de-coronavirus-en-jovenes","status":"publish","type":"post","link":"https:\/\/eldiariodesanpedro.com.ar\/sitio\/ramallo-preocupacion-por-el-aumento-de-casos-de-coronavirus-en-jovenes\/","title":{"rendered":"RAMALLO | Preocupaci\u00f3n por el aumento de casos de coronavirus en j\u00f3venes"},"content":{"rendered":"<!-- VideographyWP Plugin Message: Automatic video embedding prevented by plugin options. -->\n\n<p>Los integrantes del Consejo Local de Ni\u00f1ez y Adolescencia expresaron su preocupaci\u00f3n por el inminente aumento de contagios en Ramallo, especialmente entre los j\u00f3venes y adolescentes.<\/p>\n\n\n\n<p>\u201cA esta preocupaci\u00f3n se le suma la permanencia de fiestas privadas clandestinas en las localidades del distrito, generando situaciones de verdadero riesgo tanto para las asistentes a las mismas como para sus familiares y vecinos\u201d, publicaron en un comunicado.<\/p>\n\n\n\n<p>Y agregaron: \u201ces por ello que, desde este Consejo, proponemos la necesaria articulaci\u00f3n y coordinaci\u00f3n de acciones entre las reparticiones p\u00fablicas municipales y provinciales involucradas y los sectores comerciales dedicados a las actividades recreativas de nuestros adolescentes y j\u00f3venes para elaborar entre todos alternativas de diversi\u00f3n que prioricen el cuidado y el respeto a los protocolos b\u00e1sicos contra el COVID\u201d.<\/p>\n","protected":false},"excerpt":{"rendered":"<p>Los integrantes del Consejo Local de Ni\u00f1ez y Adolescencia expresaron su preocupaci\u00f3n por el inminente aumento de contagios en Ramallo, especialmente entre los j\u00f3venes y adolescentes. \u201cA esta preocupaci\u00f3n se le suma la permanencia de fiestas privadas clandestinas en las localidades del distrito, generando situaciones de verdadero riesgo tanto para las asistentes a las mismas [&hellip;]<\/p>\n","protected":false},"author":4,"featured_media":91095,"comment_status":"open","ping_status":"closed","sticky":false,"template":"","format":"standard","meta":{"om_disable_all_campaigns":false,"_jetpack_memberships_contains_paid_content":false,"footnotes":""},"categories":[621],"tags":[],"class_list":["post-91094","post","type-post","status-publish","format-standard","has-post-thumbnail","hentry","category-regionales"],"aioseo_notices":[],"gutentor_comment":0,"jetpack_featured_media_url":"https:\/\/eldiariodesanpedro.com.ar\/sitio\/wp-content\/uploads\/2021\/04\/bbx_697501736_1_FB_IMG_1614615833342.jpg","jetpack_shortlink":"https:\/\/wp.me\/p6RhLt-nHg","jetpack_sharing_enabled":true,"_links":{"self":[{"href":"https:\/\/eldiariodesanpedro.com.ar\/sitio\/wp-json\/wp\/v2\/posts\/91094","targetHints":{"allow":["GET"]}}],"collection":[{"href":"https:\/\/eldiariodesanpedro.com.ar\/sitio\/wp-json\/wp\/v2\/posts"}],"about":[{"href":"https:\/\/eldiariodesanpedro.com.ar\/sitio\/wp-json\/wp\/v2\/types\/post"}],"author":[{"embeddable":true,"href":"https:\/\/eldiariodesanpedro.com.ar\/sitio\/wp-json\/wp\/v2\/users\/4"}],"replies":[{"embeddable":true,"href":"https:\/\/eldiariodesanpedro.com.ar\/sitio\/wp-json\/wp\/v2\/comments?post=91094"}],"version-history":[{"count":1,"href":"https:\/\/eldiariodesanpedro.com.ar\/sitio\/wp-json\/wp\/v2\/posts\/91094\/revisions"}],"predecessor-version":[{"id":91096,"href":"https:\/\/eldiariodesanpedro.com.ar\/sitio\/wp-json\/wp\/v2\/posts\/91094\/revisions\/91096"}],"wp:featuredmedia":[{"embeddable":true,"href":"https:\/\/eldiariodesanpedro.com.ar\/sitio\/wp-json\/wp\/v2\/media\/91095"}],"wp:attachment":[{"href":"https:\/\/eldiariodesanpedro.com.ar\/sitio\/wp-json\/wp\/v2\/media?parent=91094"}],"wp:term":[{"taxonomy":"category","embeddable":true,"href":"https:\/\/eldiariodesanpedro.com.ar\/sitio\/wp-json\/wp\/v2\/categories?post=91094"},{"taxonomy":"post_tag","embeddable":true,"href":"https:\/\/eldiariodesanpedro.com.ar\/sitio\/wp-json\/wp\/v2\/tags?post=91094"}],"curies":[{"name":"wp","href":"https:\/\/api.w.org\/{rel}","templated":true}]}}