{"id":91091,"date":"2021-04-19T18:22:32","date_gmt":"2021-04-19T21:22:32","guid":{"rendered":"https:\/\/eldiariodesanpedro.com.ar\/sitio\/?p=91091"},"modified":"2021-04-19T18:22:37","modified_gmt":"2021-04-19T21:22:37","slug":"ramallo-cinco-trabajadores-de-arrebeef-fueron-denunciados-por-estafa","status":"publish","type":"post","link":"https:\/\/eldiariodesanpedro.com.ar\/sitio\/ramallo-cinco-trabajadores-de-arrebeef-fueron-denunciados-por-estafa\/","title":{"rendered":"RAMALLO | Cinco trabajadores de ArreBeef fueron denunciados por estafa"},"content":{"rendered":"<!-- VideographyWP Plugin Message: Automatic video embedding prevented by plugin options. -->\n\n<p>Cinco trabajadores de ArreBeef fueron denunciados por el delito de estafa, a ra\u00edz de la huelga que llevaron adelante desde el 26 de febrero por mejoras de salarios y condiciones de trabajo. Para la empresa frigor\u00edfica de P\u00e9rez Mill\u00e1n, la afectaci\u00f3n econ\u00f3mica que result\u00f3 de la medida de fuerza, equivale a la estafa que un socio pudiera ejercer sobre otro.<\/p>\n\n\n\n<p>Este lunes Juan Manuel Combi, abogado y representante de los empleados denunciados, dialog\u00f3 con Radio Meta sobre la causa que se les inici\u00f3 a sus defendidos y cargo fuertemente contra la fiscal Marcantonio por el trato recibido los d\u00edas de la audiencia.<\/p>\n\n\n\n<p>Imputan a los trabajadores como si fueran socios y en su accionar, el trabajador pudiera hacer algo para perjudicar al due\u00f1o de la empresa en un enga\u00f1o. Pero los trabajadores son dependientes, no tienen esa posibilidad\u201d. \u201cA los trabajadores se los imputa por compulsi\u00f3n a la huelga y por el delito de estafa como si hubieran cometido un fraude comercial. Es un hecho muy grave. Nunca puede haber una estafa en una huelga\u201d.<\/p>\n\n\n\n<p>La investigaci\u00f3n est\u00e1 a cargo de la fiscal Ver\u00f3nica Marcantonio de San Nicol\u00e1s, que los imputa por cuatro delitos de diversa \u00edndole que se tramitan en el Juzgado de Garant\u00edas N\u00b0 2.<\/p>\n\n\n\n<p>\u201cEl d\u00eda mi\u00e9rcoles tuvimos una audiencia, donde la fiscal cit\u00f3 a tres trabajadores para ese d\u00eda y a dos para el otro, para escatimar gastos. Ellos est\u00e1n sacando de donde no tienen, sin sindicato, sin nadie que los banque y realizando un esfuerzo mayor para llegar, ya que cobran 20 mil pesos por quincena. Yo le pregunto a la fiscal si ella puede vivir con ese dinero\u201d.<\/p>\n\n\n\n<p>\u201cLos trabajadores ante el reclamo de sus derechos, fueron imputados por esta se\u00f1ora donde adem\u00e1s tuvo el agrado de esperarnos con la polic\u00eda de Ramallo en la puerta de la fiscal\u00eda, con un detalle no menor. Cada vez que cualquiera de los manifestantes o nosotros, hac\u00edamos un movimiento, los polic\u00edas nos acompa\u00f1aban, incluso hasta para ir al ba\u00f1o\u201d.<\/p>\n\n\n\n<p>\u201cEl \u00faltimo d\u00eda de audiencia, cuando me estoy retirando, uno de los efectivos policiales me acompa\u00f1\u00f3 hasta afuera y me pregunta hacia donde me dirijo; a lo cual le contest\u00e9 una barbaridad por la actitud autoritaria. Eso es un claro hecho de intimidaci\u00f3n por parte de esta se\u00f1ora que se cree con autoridad suficiente para hacer eso\u201d.<\/p>\n\n\n\n<p>\u201cLamentablemente la fiscal\u00eda apunta a la defensa de los intereses de la empresa, para mi ya no son ficales o jueces, son estudios jur\u00eddicos paralelos de las propias patronales que explotan a los trabajadores\u201d. Finaliz\u00f3 el abogado Combi.<\/p>\n\n\n\n<p>Fuente: <a href=\"http:\/\/www.metafm.com.ar\/nota\/cinco-trabajadores-de-arrebeef-fueron-denunciados-por-estafa\/5033#\">Meta Fm<\/a><\/p>\n","protected":false},"excerpt":{"rendered":"<p>Cinco trabajadores de ArreBeef fueron denunciados por el delito de estafa, a ra\u00edz de la huelga que llevaron adelante desde el 26 de febrero por mejoras de salarios y condiciones de trabajo. Para la empresa frigor\u00edfica de P\u00e9rez Mill\u00e1n, la afectaci\u00f3n econ\u00f3mica que result\u00f3 de la medida de fuerza, equivale a la estafa que un [&hellip;]<\/p>\n","protected":false},"author":4,"featured_media":91092,"comment_status":"open","ping_status":"closed","sticky":false,"template":"","format":"standard","meta":{"om_disable_all_campaigns":false,"_jetpack_memberships_contains_paid_content":false,"footnotes":""},"categories":[621],"tags":[],"class_list":["post-91091","post","type-post","status-publish","format-standard","has-post-thumbnail","hentry","category-regionales"],"aioseo_notices":[],"gutentor_comment":0,"jetpack_featured_media_url":"https:\/\/eldiariodesanpedro.com.ar\/sitio\/wp-content\/uploads\/2021\/04\/16188627740.jpg","jetpack_shortlink":"https:\/\/wp.me\/p6RhLt-nHd","jetpack_sharing_enabled":true,"_links":{"self":[{"href":"https:\/\/eldiariodesanpedro.com.ar\/sitio\/wp-json\/wp\/v2\/posts\/91091","targetHints":{"allow":["GET"]}}],"collection":[{"href":"https:\/\/eldiariodesanpedro.com.ar\/sitio\/wp-json\/wp\/v2\/posts"}],"about":[{"href":"https:\/\/eldiariodesanpedro.com.ar\/sitio\/wp-json\/wp\/v2\/types\/post"}],"author":[{"embeddable":true,"href":"https:\/\/eldiariodesanpedro.com.ar\/sitio\/wp-json\/wp\/v2\/users\/4"}],"replies":[{"embeddable":true,"href":"https:\/\/eldiariodesanpedro.com.ar\/sitio\/wp-json\/wp\/v2\/comments?post=91091"}],"version-history":[{"count":1,"href":"https:\/\/eldiariodesanpedro.com.ar\/sitio\/wp-json\/wp\/v2\/posts\/91091\/revisions"}],"predecessor-version":[{"id":91093,"href":"https:\/\/eldiariodesanpedro.com.ar\/sitio\/wp-json\/wp\/v2\/posts\/91091\/revisions\/91093"}],"wp:featuredmedia":[{"embeddable":true,"href":"https:\/\/eldiariodesanpedro.com.ar\/sitio\/wp-json\/wp\/v2\/media\/91092"}],"wp:attachment":[{"href":"https:\/\/eldiariodesanpedro.com.ar\/sitio\/wp-json\/wp\/v2\/media?parent=91091"}],"wp:term":[{"taxonomy":"category","embeddable":true,"href":"https:\/\/eldiariodesanpedro.com.ar\/sitio\/wp-json\/wp\/v2\/categories?post=91091"},{"taxonomy":"post_tag","embeddable":true,"href":"https:\/\/eldiariodesanpedro.com.ar\/sitio\/wp-json\/wp\/v2\/tags?post=91091"}],"curies":[{"name":"wp","href":"https:\/\/api.w.org\/{rel}","templated":true}]}}