{"id":91088,"date":"2021-04-19T18:17:27","date_gmt":"2021-04-19T21:17:27","guid":{"rendered":"https:\/\/eldiariodesanpedro.com.ar\/sitio\/?p=91088"},"modified":"2021-04-19T18:17:32","modified_gmt":"2021-04-19T21:17:32","slug":"campana-una-familia-lo-pierde-todo-al-incendiarse-su-casa-y-dos-comercios","status":"publish","type":"post","link":"https:\/\/eldiariodesanpedro.com.ar\/sitio\/campana-una-familia-lo-pierde-todo-al-incendiarse-su-casa-y-dos-comercios\/","title":{"rendered":"CAMPANA |  Una familia lo pierde todo al incendiarse su casa y dos comercios"},"content":{"rendered":"<!-- VideographyWP Plugin Message: Automatic video embedding prevented by plugin options. -->\n\n<p>En calle Verdier, en el barrio Las Praderas, el fuego no tuvo piedad y las llamas de gran envergadura consumieron todo a su paso. Cuatro dotaciones de Bomberos Voluntarios trabajaron en el lugar.<\/p>\n\n\n\n<p>Un voraz incendio arras\u00f3 con una vivienda y dos locales comerciales en la calle Verdier del B\u00b0 Las Praderas.<\/p>\n\n\n\n<p>Cerca de las 3 AM, el fuego se habr\u00eda originado por una falla en el suministro de electricidad, a trav\u00e9s de un cortocircuito.<\/p>\n\n\n\n<p>Las llamas avanzaron sobre la propiedad, y se extendieron hacia dos comercios linderos: una librer\u00eda y una ferreter\u00eda, las cuales tambi\u00e9n sufrieron p\u00e9rdidas totales.<\/p>\n\n\n\n<p>Cuatro dotaciones de Bomberos Voluntarios trabajaron hasta extinguir el siniestro. Polic\u00eda tambi\u00e9n acudi\u00f3 al lugar.<\/p>\n\n\n\n<p>Fuente: <a href=\"https:\/\/www.campananoticias.com\/\">Campana Noticias<\/a><\/p>\n","protected":false},"excerpt":{"rendered":"<p>En calle Verdier, en el barrio Las Praderas, el fuego no tuvo piedad y las llamas de gran envergadura consumieron todo a su paso. Cuatro dotaciones de Bomberos Voluntarios trabajaron en el lugar. Un voraz incendio arras\u00f3 con una vivienda y dos locales comerciales en la calle Verdier del B\u00b0 Las Praderas. Cerca de las [&hellip;]<\/p>\n","protected":false},"author":4,"featured_media":91089,"comment_status":"open","ping_status":"closed","sticky":false,"template":"","format":"standard","meta":{"om_disable_all_campaigns":false,"_jetpack_memberships_contains_paid_content":false,"footnotes":""},"categories":[621],"tags":[],"class_list":["post-91088","post","type-post","status-publish","format-standard","has-post-thumbnail","hentry","category-regionales"],"aioseo_notices":[],"gutentor_comment":0,"jetpack_featured_media_url":"https:\/\/eldiariodesanpedro.com.ar\/sitio\/wp-content\/uploads\/2021\/04\/20210419105938.jpeg","jetpack_shortlink":"https:\/\/wp.me\/p6RhLt-nHa","jetpack_sharing_enabled":true,"_links":{"self":[{"href":"https:\/\/eldiariodesanpedro.com.ar\/sitio\/wp-json\/wp\/v2\/posts\/91088","targetHints":{"allow":["GET"]}}],"collection":[{"href":"https:\/\/eldiariodesanpedro.com.ar\/sitio\/wp-json\/wp\/v2\/posts"}],"about":[{"href":"https:\/\/eldiariodesanpedro.com.ar\/sitio\/wp-json\/wp\/v2\/types\/post"}],"author":[{"embeddable":true,"href":"https:\/\/eldiariodesanpedro.com.ar\/sitio\/wp-json\/wp\/v2\/users\/4"}],"replies":[{"embeddable":true,"href":"https:\/\/eldiariodesanpedro.com.ar\/sitio\/wp-json\/wp\/v2\/comments?post=91088"}],"version-history":[{"count":1,"href":"https:\/\/eldiariodesanpedro.com.ar\/sitio\/wp-json\/wp\/v2\/posts\/91088\/revisions"}],"predecessor-version":[{"id":91090,"href":"https:\/\/eldiariodesanpedro.com.ar\/sitio\/wp-json\/wp\/v2\/posts\/91088\/revisions\/91090"}],"wp:featuredmedia":[{"embeddable":true,"href":"https:\/\/eldiariodesanpedro.com.ar\/sitio\/wp-json\/wp\/v2\/media\/91089"}],"wp:attachment":[{"href":"https:\/\/eldiariodesanpedro.com.ar\/sitio\/wp-json\/wp\/v2\/media?parent=91088"}],"wp:term":[{"taxonomy":"category","embeddable":true,"href":"https:\/\/eldiariodesanpedro.com.ar\/sitio\/wp-json\/wp\/v2\/categories?post=91088"},{"taxonomy":"post_tag","embeddable":true,"href":"https:\/\/eldiariodesanpedro.com.ar\/sitio\/wp-json\/wp\/v2\/tags?post=91088"}],"curies":[{"name":"wp","href":"https:\/\/api.w.org\/{rel}","templated":true}]}}