{"id":91086,"date":"2021-04-19T17:58:43","date_gmt":"2021-04-19T20:58:43","guid":{"rendered":"https:\/\/eldiariodesanpedro.com.ar\/sitio\/?p=91086"},"modified":"2021-04-19T17:58:47","modified_gmt":"2021-04-19T20:58:47","slug":"preocupante-cinco-muertes-por-coronavirus-en-solo-cinco-dias","status":"publish","type":"post","link":"https:\/\/eldiariodesanpedro.com.ar\/sitio\/preocupante-cinco-muertes-por-coronavirus-en-solo-cinco-dias\/","title":{"rendered":"Preocupante: cinco muertes por coronavirus en solo cinco d\u00edas"},"content":{"rendered":"<!-- VideographyWP Plugin Message: Automatic video embedding prevented by plugin options. -->\n\n<p>Mientras se busca concientizar a la comunidad y que se respeten todas las medidas adoptadas, en las \u00faltimas semanas la situaci\u00f3n sanitaria en San Pedro es cada vez m\u00e1s preocupante porque los casos positivos aumentan pero a la vez tambi\u00e9n se repiten los fallecimientos.<\/p>\n\n\n\n<p>Desde el mi\u00e9rcoles y hasta el domingo se produjeron cinco fallecimientos en nuestro distrito, En primer lugar fue la se\u00f1ora Elsa Nora Ferraris de 85 a\u00f1os, despu\u00e9s la se\u00f1ora Irma Heguy de 89 a\u00f1os, el de Manuel Andr\u00e9s de 87 a\u00f1os, tambi\u00e9n falleci\u00f3 el productor Pablo Rolfo de 68 a\u00f1os y la se\u00f1ora Stella Maris Santachita de 73 a\u00f1os.<\/p>\n\n\n\n<p>En la ciudad, lamentablemente, durante el fin de semana y a pesar de las medidas anunciadas, se volvieron a apreciar im\u00e1genes de relajamiento en lugares abiertos y lugares cerrados, lo que origina preocupaci\u00f3n y malestar.<\/p>\n\n\n\n<p>Y la situaci\u00f3n de las camas covid en los centro de salud privados se comienza a complicar hasta llegar el punto que en la Cl\u00ednica Coopser en este momento se encuentra colapsada, y las restantes con muy pocas camas con respiradores.<\/p>\n","protected":false},"excerpt":{"rendered":"<p>Mientras se busca concientizar a la comunidad y que se respeten todas las medidas adoptadas, en las \u00faltimas semanas la situaci\u00f3n sanitaria en San Pedro es cada vez m\u00e1s preocupante porque los casos positivos aumentan pero a la vez tambi\u00e9n se repiten los fallecimientos. Desde el mi\u00e9rcoles y hasta el domingo se produjeron cinco fallecimientos [&hellip;]<\/p>\n","protected":false},"author":4,"featured_media":79152,"comment_status":"open","ping_status":"closed","sticky":false,"template":"","format":"standard","meta":{"om_disable_all_campaigns":false,"_jetpack_memberships_contains_paid_content":false,"footnotes":""},"categories":[50,101,2],"tags":[],"class_list":["post-91086","post","type-post","status-publish","format-standard","has-post-thumbnail","hentry","category-destacadas","category-interes-general-locales","category-locales"],"aioseo_notices":[],"gutentor_comment":0,"jetpack_featured_media_url":"https:\/\/eldiariodesanpedro.com.ar\/sitio\/wp-content\/uploads\/2020\/08\/Coronavirus-UTI-696x477-1.jpg","jetpack_shortlink":"https:\/\/wp.me\/p6RhLt-nH8","jetpack_sharing_enabled":true,"_links":{"self":[{"href":"https:\/\/eldiariodesanpedro.com.ar\/sitio\/wp-json\/wp\/v2\/posts\/91086","targetHints":{"allow":["GET"]}}],"collection":[{"href":"https:\/\/eldiariodesanpedro.com.ar\/sitio\/wp-json\/wp\/v2\/posts"}],"about":[{"href":"https:\/\/eldiariodesanpedro.com.ar\/sitio\/wp-json\/wp\/v2\/types\/post"}],"author":[{"embeddable":true,"href":"https:\/\/eldiariodesanpedro.com.ar\/sitio\/wp-json\/wp\/v2\/users\/4"}],"replies":[{"embeddable":true,"href":"https:\/\/eldiariodesanpedro.com.ar\/sitio\/wp-json\/wp\/v2\/comments?post=91086"}],"version-history":[{"count":1,"href":"https:\/\/eldiariodesanpedro.com.ar\/sitio\/wp-json\/wp\/v2\/posts\/91086\/revisions"}],"predecessor-version":[{"id":91087,"href":"https:\/\/eldiariodesanpedro.com.ar\/sitio\/wp-json\/wp\/v2\/posts\/91086\/revisions\/91087"}],"wp:featuredmedia":[{"embeddable":true,"href":"https:\/\/eldiariodesanpedro.com.ar\/sitio\/wp-json\/wp\/v2\/media\/79152"}],"wp:attachment":[{"href":"https:\/\/eldiariodesanpedro.com.ar\/sitio\/wp-json\/wp\/v2\/media?parent=91086"}],"wp:term":[{"taxonomy":"category","embeddable":true,"href":"https:\/\/eldiariodesanpedro.com.ar\/sitio\/wp-json\/wp\/v2\/categories?post=91086"},{"taxonomy":"post_tag","embeddable":true,"href":"https:\/\/eldiariodesanpedro.com.ar\/sitio\/wp-json\/wp\/v2\/tags?post=91086"}],"curies":[{"name":"wp","href":"https:\/\/api.w.org\/{rel}","templated":true}]}}