{"id":91083,"date":"2021-04-19T17:34:36","date_gmt":"2021-04-19T20:34:36","guid":{"rendered":"https:\/\/eldiariodesanpedro.com.ar\/sitio\/?p=91083"},"modified":"2021-04-19T17:34:41","modified_gmt":"2021-04-19T20:34:41","slug":"la-direccion-de-transito-y-nocturnidad-secuestro-23-motos-el-fin-de-semana","status":"publish","type":"post","link":"https:\/\/eldiariodesanpedro.com.ar\/sitio\/la-direccion-de-transito-y-nocturnidad-secuestro-23-motos-el-fin-de-semana\/","title":{"rendered":"La Direcci\u00f3n de Tr\u00e1nsito y Nocturnidad secuestro 23 motos el fin de semana"},"content":{"rendered":"<!-- VideographyWP Plugin Message: Automatic video embedding prevented by plugin options. -->\n\n<p>La Direcci\u00f3n de Tr\u00e1nsito y Nocturnidad de la Municipalidad de San Pedro informa los resultados de los operativos que se llevaron adelante durante este fin de semana. Adem\u00e1s de una presencia constante en puntos de alto tr\u00e1nsito, se cumplieron en diferentes procedimientos, el secuestro de 23 motos por falta de documentaci\u00f3n y casco.<\/p>\n\n\n\n<p>Adem\u00e1s, articulando el trabajo con la Polic\u00eda, se intervino en una fiesta clandestina que no cumpl\u00eda con el protocolo establecido.<a href=\"https:\/\/www.facebook.com\/sanpedrobuenosaires\/photos\/pcb.3922107971217182\/3922107907883855\/?__cft__[0]=AZUppyElQvqUdOpDOj9doIQptqH_WidNEy84CA7-e9d2uKnupmtBgeGiw2iT_Jw42jJqF-ektKa6YuPu6J__dKVdCkeJ68enVKoz1vLQLmuzp3qA-xO_eCQDIzbOG7Ppi2sClXqzMzsyBtNdyjRD3ERV&amp;__tn__=*bH-R\"><\/a><a href=\"https:\/\/www.facebook.com\/sanpedrobuenosaires\/photos\/pcb.3922107971217182\/3922107911217188\/?__cft__[0]=AZUppyElQvqUdOpDOj9doIQptqH_WidNEy84CA7-e9d2uKnupmtBgeGiw2iT_Jw42jJqF-ektKa6YuPu6J__dKVdCkeJ68enVKoz1vLQLmuzp3qA-xO_eCQDIzbOG7Ppi2sClXqzMzsyBtNdyjRD3ERV&amp;__tn__=*bH-R\"><\/a><\/p>\n","protected":false},"excerpt":{"rendered":"<p>La Direcci\u00f3n de Tr\u00e1nsito y Nocturnidad de la Municipalidad de San Pedro informa los resultados de los operativos que se llevaron adelante durante este fin de semana. Adem\u00e1s de una presencia constante en puntos de alto tr\u00e1nsito, se cumplieron en diferentes procedimientos, el secuestro de 23 motos por falta de documentaci\u00f3n y casco. Adem\u00e1s, articulando [&hellip;]<\/p>\n","protected":false},"author":4,"featured_media":91084,"comment_status":"open","ping_status":"closed","sticky":false,"template":"","format":"standard","meta":{"om_disable_all_campaigns":false,"_jetpack_memberships_contains_paid_content":false,"footnotes":""},"categories":[101,2],"tags":[],"class_list":["post-91083","post","type-post","status-publish","format-standard","has-post-thumbnail","hentry","category-interes-general-locales","category-locales"],"aioseo_notices":[],"gutentor_comment":0,"jetpack_featured_media_url":"https:\/\/eldiariodesanpedro.com.ar\/sitio\/wp-content\/uploads\/2021\/04\/174844215_3922107917883854_784276130116037189_n.jpg","jetpack_shortlink":"https:\/\/wp.me\/p6RhLt-nH5","jetpack_sharing_enabled":true,"_links":{"self":[{"href":"https:\/\/eldiariodesanpedro.com.ar\/sitio\/wp-json\/wp\/v2\/posts\/91083","targetHints":{"allow":["GET"]}}],"collection":[{"href":"https:\/\/eldiariodesanpedro.com.ar\/sitio\/wp-json\/wp\/v2\/posts"}],"about":[{"href":"https:\/\/eldiariodesanpedro.com.ar\/sitio\/wp-json\/wp\/v2\/types\/post"}],"author":[{"embeddable":true,"href":"https:\/\/eldiariodesanpedro.com.ar\/sitio\/wp-json\/wp\/v2\/users\/4"}],"replies":[{"embeddable":true,"href":"https:\/\/eldiariodesanpedro.com.ar\/sitio\/wp-json\/wp\/v2\/comments?post=91083"}],"version-history":[{"count":1,"href":"https:\/\/eldiariodesanpedro.com.ar\/sitio\/wp-json\/wp\/v2\/posts\/91083\/revisions"}],"predecessor-version":[{"id":91085,"href":"https:\/\/eldiariodesanpedro.com.ar\/sitio\/wp-json\/wp\/v2\/posts\/91083\/revisions\/91085"}],"wp:featuredmedia":[{"embeddable":true,"href":"https:\/\/eldiariodesanpedro.com.ar\/sitio\/wp-json\/wp\/v2\/media\/91084"}],"wp:attachment":[{"href":"https:\/\/eldiariodesanpedro.com.ar\/sitio\/wp-json\/wp\/v2\/media?parent=91083"}],"wp:term":[{"taxonomy":"category","embeddable":true,"href":"https:\/\/eldiariodesanpedro.com.ar\/sitio\/wp-json\/wp\/v2\/categories?post=91083"},{"taxonomy":"post_tag","embeddable":true,"href":"https:\/\/eldiariodesanpedro.com.ar\/sitio\/wp-json\/wp\/v2\/tags?post=91083"}],"curies":[{"name":"wp","href":"https:\/\/api.w.org\/{rel}","templated":true}]}}