{"id":91080,"date":"2021-04-19T17:31:22","date_gmt":"2021-04-19T20:31:22","guid":{"rendered":"https:\/\/eldiariodesanpedro.com.ar\/sitio\/?p=91080"},"modified":"2021-04-19T17:31:26","modified_gmt":"2021-04-19T20:31:26","slug":"conclusiones-sobre-la-temporada-y-planificacion-del-sector-turistico","status":"publish","type":"post","link":"https:\/\/eldiariodesanpedro.com.ar\/sitio\/conclusiones-sobre-la-temporada-y-planificacion-del-sector-turistico\/","title":{"rendered":"Conclusiones sobre la temporada y planificaci\u00f3n del sector tur\u00edstico"},"content":{"rendered":"<!-- VideographyWP Plugin Message: Automatic video embedding prevented by plugin options. -->\n\n<p>Tras los meses de temporada tur\u00edstica que transcurrieron a partir de finales del a\u00f1o pasado y en la primera parte del 2021, se reunieron en el Centro de Comercio Industria y Turismo, el presidente de la c\u00e1mara que sigue estos temas dentro de la entidad Gonzalo Castagnola y la Secretaria de Turismo de la Municipalidad de San Pedro, Lic. Marcela Cu\u00f1er.<\/p>\n\n\n\n<p>Con las particularidades que ofreci\u00f3 la actividad en los \u00faltimos meses, se analiz\u00f3 la agenda de actividades que fueron generando los diferentes prestadores con resultados diversos y conclusiones sobre las que podr\u00e1 trabajar hacia adelante, esperando que el impacto de la Pandemia disminuya y as\u00ed resulten viables iniciativas que en los \u00faltimos meses no fueron posibles.<\/p>\n\n\n\n<p>Algunos socios de la entidad con comercios en la zona c\u00e9ntrica hab\u00edan manifestado su deseo de volver a contar con acciones que generaran mayor afluencia, como lo ocurrido durante la peatonal del verano 2020.<\/p>\n\n\n\n<p>Esta inquietud fue expuesta desde la C\u00e1mara hacia la Secretar\u00eda, m\u00e1s all\u00e1 de que desde esta \u00e1rea municipal se acompa\u00f1aron iniciativas particulares y se concentraron los esfuerzos en actividades al aire libre y en ampliar la oferta a otras zonas, como por ejemplo Vuelta de Obligado.<\/p>\n\n\n\n<p>El balance econ\u00f3mico generado por el regreso del turismo despu\u00e9s de largos meses de inactividad, ha sido valorado por todos, por el efecto que el movimiento siempre provoca en los rubros relacionados directa e indirectamente con la actividad.<\/p>\n\n\n\n<p>El prop\u00f3sito del CCIT a trav\u00e9s de la C\u00e1mara de Turismo es coordinar con la Secretar\u00eda nuevas acciones que contemplen la distribuci\u00f3n de las actividades que pueden generar inter\u00e9s, no s\u00f3lo en la zona costera sino tambi\u00e9n en el centro y en otros puntos de la ciudad y las localidades.<\/p>\n","protected":false},"excerpt":{"rendered":"<p>Tras los meses de temporada tur\u00edstica que transcurrieron a partir de finales del a\u00f1o pasado y en la primera parte del 2021, se reunieron en el Centro de Comercio Industria y Turismo, el presidente de la c\u00e1mara que sigue estos temas dentro de la entidad Gonzalo Castagnola y la Secretaria de Turismo de la Municipalidad [&hellip;]<\/p>\n","protected":false},"author":4,"featured_media":91081,"comment_status":"open","ping_status":"closed","sticky":false,"template":"","format":"standard","meta":{"om_disable_all_campaigns":false,"_jetpack_memberships_contains_paid_content":false,"footnotes":""},"categories":[50,101,2],"tags":[],"class_list":["post-91080","post","type-post","status-publish","format-standard","has-post-thumbnail","hentry","category-destacadas","category-interes-general-locales","category-locales"],"aioseo_notices":[],"gutentor_comment":0,"jetpack_featured_media_url":"https:\/\/eldiariodesanpedro.com.ar\/sitio\/wp-content\/uploads\/2021\/04\/ccit-camara.jpg","jetpack_shortlink":"https:\/\/wp.me\/p6RhLt-nH2","jetpack_sharing_enabled":true,"_links":{"self":[{"href":"https:\/\/eldiariodesanpedro.com.ar\/sitio\/wp-json\/wp\/v2\/posts\/91080","targetHints":{"allow":["GET"]}}],"collection":[{"href":"https:\/\/eldiariodesanpedro.com.ar\/sitio\/wp-json\/wp\/v2\/posts"}],"about":[{"href":"https:\/\/eldiariodesanpedro.com.ar\/sitio\/wp-json\/wp\/v2\/types\/post"}],"author":[{"embeddable":true,"href":"https:\/\/eldiariodesanpedro.com.ar\/sitio\/wp-json\/wp\/v2\/users\/4"}],"replies":[{"embeddable":true,"href":"https:\/\/eldiariodesanpedro.com.ar\/sitio\/wp-json\/wp\/v2\/comments?post=91080"}],"version-history":[{"count":1,"href":"https:\/\/eldiariodesanpedro.com.ar\/sitio\/wp-json\/wp\/v2\/posts\/91080\/revisions"}],"predecessor-version":[{"id":91082,"href":"https:\/\/eldiariodesanpedro.com.ar\/sitio\/wp-json\/wp\/v2\/posts\/91080\/revisions\/91082"}],"wp:featuredmedia":[{"embeddable":true,"href":"https:\/\/eldiariodesanpedro.com.ar\/sitio\/wp-json\/wp\/v2\/media\/91081"}],"wp:attachment":[{"href":"https:\/\/eldiariodesanpedro.com.ar\/sitio\/wp-json\/wp\/v2\/media?parent=91080"}],"wp:term":[{"taxonomy":"category","embeddable":true,"href":"https:\/\/eldiariodesanpedro.com.ar\/sitio\/wp-json\/wp\/v2\/categories?post=91080"},{"taxonomy":"post_tag","embeddable":true,"href":"https:\/\/eldiariodesanpedro.com.ar\/sitio\/wp-json\/wp\/v2\/tags?post=91080"}],"curies":[{"name":"wp","href":"https:\/\/api.w.org\/{rel}","templated":true}]}}