{"id":91076,"date":"2021-04-19T12:32:32","date_gmt":"2021-04-19T15:32:32","guid":{"rendered":"https:\/\/eldiariodesanpedro.com.ar\/sitio\/?p=91076"},"modified":"2021-04-19T12:32:37","modified_gmt":"2021-04-19T15:32:37","slug":"reprogramacion-de-turnos-a-adultos-mayores-en-la-posta-del-club-de-jubilados","status":"publish","type":"post","link":"https:\/\/eldiariodesanpedro.com.ar\/sitio\/reprogramacion-de-turnos-a-adultos-mayores-en-la-posta-del-club-de-jubilados\/","title":{"rendered":"Reprogramaci\u00f3n de turnos a adultos mayores en la posta del Club de Jubilados"},"content":{"rendered":"<!-- VideographyWP Plugin Message: Automatic video embedding prevented by plugin options. -->\n\n<p>La Secretar\u00eda de Salud de la Municipalidad de San Pedro y la Coordinaci\u00f3n del Plan Vacunate PBA en nuestra ciudad informan a los adultos mayores de 60 a\u00f1os que no hayan concurrido al turno asignado, que podr\u00e1n acercarse a la posta que funciona en el Club de Jubilados para poder registrarlos y reasignarles nuevo turno.<\/p>\n\n\n\n<p>Esta medida comprende EXCLUSIVAMENTE a quienes, CON TURNO OTORGADO, no hayan recibido o visto oportunamente la convocatoria inicial, o no hayan podido concurrir a recibir su primera dosis.<\/p>\n\n\n\n<p>Los vecinos y vecinas mayores de 60 a\u00f1os que hayan recibido una notificaci\u00f3n de turno para la vacunaci\u00f3n o tengan alguna duda al respecto, pueden comunicarse al 3329-317575 todos los d\u00edas de 8 a 20 o por e-mail a vacunatesanpedro@gmail.com<\/p>\n\n\n\n<p>Para evitar una concentraci\u00f3n de consultas que demoren la capacidad de respuesta se solicita verificar previamente en la aplicaci\u00f3n o en el correo electr\u00f3nico informado si se recibi\u00f3 alg\u00fan mensaje desde la Coordinaci\u00f3n del Plan.<\/p>\n","protected":false},"excerpt":{"rendered":"<p>La Secretar\u00eda de Salud de la Municipalidad de San Pedro y la Coordinaci\u00f3n del Plan Vacunate PBA en nuestra ciudad informan a los adultos mayores de 60 a\u00f1os que no hayan concurrido al turno asignado, que podr\u00e1n acercarse a la posta que funciona en el Club de Jubilados para poder registrarlos y reasignarles nuevo turno. [&hellip;]<\/p>\n","protected":false},"author":4,"featured_media":87082,"comment_status":"open","ping_status":"closed","sticky":false,"template":"","format":"standard","meta":{"om_disable_all_campaigns":false,"_jetpack_memberships_contains_paid_content":false,"footnotes":""},"categories":[50,101,2],"tags":[],"class_list":["post-91076","post","type-post","status-publish","format-standard","has-post-thumbnail","hentry","category-destacadas","category-interes-general-locales","category-locales"],"aioseo_notices":[],"gutentor_comment":0,"jetpack_featured_media_url":"https:\/\/eldiariodesanpedro.com.ar\/sitio\/wp-content\/uploads\/2021\/02\/WhatsApp-Image-2021-02-04-at-18.31.11.jpeg","jetpack_shortlink":"https:\/\/wp.me\/p6RhLt-nGY","jetpack_sharing_enabled":true,"_links":{"self":[{"href":"https:\/\/eldiariodesanpedro.com.ar\/sitio\/wp-json\/wp\/v2\/posts\/91076","targetHints":{"allow":["GET"]}}],"collection":[{"href":"https:\/\/eldiariodesanpedro.com.ar\/sitio\/wp-json\/wp\/v2\/posts"}],"about":[{"href":"https:\/\/eldiariodesanpedro.com.ar\/sitio\/wp-json\/wp\/v2\/types\/post"}],"author":[{"embeddable":true,"href":"https:\/\/eldiariodesanpedro.com.ar\/sitio\/wp-json\/wp\/v2\/users\/4"}],"replies":[{"embeddable":true,"href":"https:\/\/eldiariodesanpedro.com.ar\/sitio\/wp-json\/wp\/v2\/comments?post=91076"}],"version-history":[{"count":1,"href":"https:\/\/eldiariodesanpedro.com.ar\/sitio\/wp-json\/wp\/v2\/posts\/91076\/revisions"}],"predecessor-version":[{"id":91077,"href":"https:\/\/eldiariodesanpedro.com.ar\/sitio\/wp-json\/wp\/v2\/posts\/91076\/revisions\/91077"}],"wp:featuredmedia":[{"embeddable":true,"href":"https:\/\/eldiariodesanpedro.com.ar\/sitio\/wp-json\/wp\/v2\/media\/87082"}],"wp:attachment":[{"href":"https:\/\/eldiariodesanpedro.com.ar\/sitio\/wp-json\/wp\/v2\/media?parent=91076"}],"wp:term":[{"taxonomy":"category","embeddable":true,"href":"https:\/\/eldiariodesanpedro.com.ar\/sitio\/wp-json\/wp\/v2\/categories?post=91076"},{"taxonomy":"post_tag","embeddable":true,"href":"https:\/\/eldiariodesanpedro.com.ar\/sitio\/wp-json\/wp\/v2\/tags?post=91076"}],"curies":[{"name":"wp","href":"https:\/\/api.w.org\/{rel}","templated":true}]}}