{"id":91071,"date":"2021-04-19T10:39:41","date_gmt":"2021-04-19T13:39:41","guid":{"rendered":"https:\/\/eldiariodesanpedro.com.ar\/sitio\/?p=91071"},"modified":"2021-04-19T10:39:45","modified_gmt":"2021-04-19T13:39:45","slug":"robaron-una-bicicleta-y-otro-elementos-de-un-garaje","status":"publish","type":"post","link":"https:\/\/eldiariodesanpedro.com.ar\/sitio\/robaron-una-bicicleta-y-otro-elementos-de-un-garaje\/","title":{"rendered":"Robaron una bicicleta y otro elementos de un garaje"},"content":{"rendered":"<!-- VideographyWP Plugin Message: Automatic video embedding prevented by plugin options. -->\n\n<p>En la jornada de ayer un ciudadano realiz\u00f3 una denuncia por el robo de una bicicleta y herramientas.<\/p>\n\n\n\n<p>El hecho ocurri\u00f3 en su tarde de ayer cuando un ciudadano de 56 a\u00f1os de edad se acerc\u00f3 a la comisar\u00eda local para realizar una denuncia referente a que horas antes cuando ingresa al garaje de su domicilio descubre que autores ignorados ingresaron al domicilio y sustrajeron una bicicleta junto a varias herramientas.<\/p>\n\n\n\n<p>La polic\u00eda investiga el hecho.<\/p>\n","protected":false},"excerpt":{"rendered":"<p>En la jornada de ayer un ciudadano realiz\u00f3 una denuncia por el robo de una bicicleta y herramientas. El hecho ocurri\u00f3 en su tarde de ayer cuando un ciudadano de 56 a\u00f1os de edad se acerc\u00f3 a la comisar\u00eda local para realizar una denuncia referente a que horas antes cuando ingresa al garaje de su [&hellip;]<\/p>\n","protected":false},"author":4,"featured_media":45394,"comment_status":"open","ping_status":"closed","sticky":false,"template":"","format":"standard","meta":{"om_disable_all_campaigns":false,"_jetpack_memberships_contains_paid_content":false,"footnotes":""},"categories":[2,103],"tags":[],"class_list":["post-91071","post","type-post","status-publish","format-standard","has-post-thumbnail","hentry","category-locales","category-policiales-locales"],"aioseo_notices":[],"gutentor_comment":0,"jetpack_featured_media_url":"https:\/\/eldiariodesanpedro.com.ar\/sitio\/wp-content\/uploads\/2019\/01\/comisaria.jpg","jetpack_shortlink":"https:\/\/wp.me\/p6RhLt-nGT","jetpack_sharing_enabled":true,"_links":{"self":[{"href":"https:\/\/eldiariodesanpedro.com.ar\/sitio\/wp-json\/wp\/v2\/posts\/91071","targetHints":{"allow":["GET"]}}],"collection":[{"href":"https:\/\/eldiariodesanpedro.com.ar\/sitio\/wp-json\/wp\/v2\/posts"}],"about":[{"href":"https:\/\/eldiariodesanpedro.com.ar\/sitio\/wp-json\/wp\/v2\/types\/post"}],"author":[{"embeddable":true,"href":"https:\/\/eldiariodesanpedro.com.ar\/sitio\/wp-json\/wp\/v2\/users\/4"}],"replies":[{"embeddable":true,"href":"https:\/\/eldiariodesanpedro.com.ar\/sitio\/wp-json\/wp\/v2\/comments?post=91071"}],"version-history":[{"count":1,"href":"https:\/\/eldiariodesanpedro.com.ar\/sitio\/wp-json\/wp\/v2\/posts\/91071\/revisions"}],"predecessor-version":[{"id":91072,"href":"https:\/\/eldiariodesanpedro.com.ar\/sitio\/wp-json\/wp\/v2\/posts\/91071\/revisions\/91072"}],"wp:featuredmedia":[{"embeddable":true,"href":"https:\/\/eldiariodesanpedro.com.ar\/sitio\/wp-json\/wp\/v2\/media\/45394"}],"wp:attachment":[{"href":"https:\/\/eldiariodesanpedro.com.ar\/sitio\/wp-json\/wp\/v2\/media?parent=91071"}],"wp:term":[{"taxonomy":"category","embeddable":true,"href":"https:\/\/eldiariodesanpedro.com.ar\/sitio\/wp-json\/wp\/v2\/categories?post=91071"},{"taxonomy":"post_tag","embeddable":true,"href":"https:\/\/eldiariodesanpedro.com.ar\/sitio\/wp-json\/wp\/v2\/tags?post=91071"}],"curies":[{"name":"wp","href":"https:\/\/api.w.org\/{rel}","templated":true}]}}