{"id":91068,"date":"2021-04-19T10:31:12","date_gmt":"2021-04-19T13:31:12","guid":{"rendered":"https:\/\/eldiariodesanpedro.com.ar\/sitio\/?p=91068"},"modified":"2021-04-19T10:31:16","modified_gmt":"2021-04-19T13:31:16","slug":"fiesta-clandestina-en-una-quinta-donde-habia-mas-de-30-personas","status":"publish","type":"post","link":"https:\/\/eldiariodesanpedro.com.ar\/sitio\/fiesta-clandestina-en-una-quinta-donde-habia-mas-de-30-personas\/","title":{"rendered":"Fiesta clandestina en una quinta donde hab\u00eda mas de 30 personas"},"content":{"rendered":"<!-- VideographyWP Plugin Message: Automatic video embedding prevented by plugin options. -->\n\n<p>A pesar de regir las nuevas restricciones todav\u00eda quedan ciudadanos que realizan juntadas y fiestas en  zonas de quintas con una gran aglomeraci\u00f3n de personas.<\/p>\n\n\n\n<p>En la jornada de ayer el personal policial toma conocimiento de fiesta \u201cclandestina\u201d\u00a0en domicilio ubicada en calle  Casella al 3600, en finca particular, constatando la misma con un aglomeraci\u00f3n de 30 participantes, y diez autos, quienes ante presencia uniformados se dispersaron r\u00e1pidamente del lugar,\u00a0 consecuencia de quebrantamiento de distanciamiento social se traslada a propietario organizador masculino de 39 a\u00f1os, a estaci\u00f3n policial, poni\u00e9ndolo a disposici\u00f3n del Juzgado Federal N\u00b0 2, de San Nicol\u00e1s, quien, dispuso notificaci\u00f3n de la falta, sin m\u00e1s temperamento, adem\u00e1s se libraron copia de actuaciones a Juzgado de Faltas Local para su intervenci\u00f3n.<\/p>\n","protected":false},"excerpt":{"rendered":"<p>A pesar de regir las nuevas restricciones todav\u00eda quedan ciudadanos que realizan juntadas y fiestas en zonas de quintas con una gran aglomeraci\u00f3n de personas. En la jornada de ayer el personal policial toma conocimiento de fiesta \u201cclandestina\u201d\u00a0en domicilio ubicada en calle Casella al 3600, en finca particular, constatando la misma con un aglomeraci\u00f3n de [&hellip;]<\/p>\n","protected":false},"author":4,"featured_media":91069,"comment_status":"open","ping_status":"closed","sticky":false,"template":"","format":"standard","meta":{"om_disable_all_campaigns":false,"_jetpack_memberships_contains_paid_content":false,"footnotes":""},"categories":[2,103],"tags":[],"class_list":["post-91068","post","type-post","status-publish","format-standard","has-post-thumbnail","hentry","category-locales","category-policiales-locales"],"aioseo_notices":[],"gutentor_comment":0,"jetpack_featured_media_url":"https:\/\/eldiariodesanpedro.com.ar\/sitio\/wp-content\/uploads\/2021\/04\/fiesta-1-800x400-1.png","jetpack_shortlink":"https:\/\/wp.me\/p6RhLt-nGQ","jetpack_sharing_enabled":true,"_links":{"self":[{"href":"https:\/\/eldiariodesanpedro.com.ar\/sitio\/wp-json\/wp\/v2\/posts\/91068","targetHints":{"allow":["GET"]}}],"collection":[{"href":"https:\/\/eldiariodesanpedro.com.ar\/sitio\/wp-json\/wp\/v2\/posts"}],"about":[{"href":"https:\/\/eldiariodesanpedro.com.ar\/sitio\/wp-json\/wp\/v2\/types\/post"}],"author":[{"embeddable":true,"href":"https:\/\/eldiariodesanpedro.com.ar\/sitio\/wp-json\/wp\/v2\/users\/4"}],"replies":[{"embeddable":true,"href":"https:\/\/eldiariodesanpedro.com.ar\/sitio\/wp-json\/wp\/v2\/comments?post=91068"}],"version-history":[{"count":1,"href":"https:\/\/eldiariodesanpedro.com.ar\/sitio\/wp-json\/wp\/v2\/posts\/91068\/revisions"}],"predecessor-version":[{"id":91070,"href":"https:\/\/eldiariodesanpedro.com.ar\/sitio\/wp-json\/wp\/v2\/posts\/91068\/revisions\/91070"}],"wp:featuredmedia":[{"embeddable":true,"href":"https:\/\/eldiariodesanpedro.com.ar\/sitio\/wp-json\/wp\/v2\/media\/91069"}],"wp:attachment":[{"href":"https:\/\/eldiariodesanpedro.com.ar\/sitio\/wp-json\/wp\/v2\/media?parent=91068"}],"wp:term":[{"taxonomy":"category","embeddable":true,"href":"https:\/\/eldiariodesanpedro.com.ar\/sitio\/wp-json\/wp\/v2\/categories?post=91068"},{"taxonomy":"post_tag","embeddable":true,"href":"https:\/\/eldiariodesanpedro.com.ar\/sitio\/wp-json\/wp\/v2\/tags?post=91068"}],"curies":[{"name":"wp","href":"https:\/\/api.w.org\/{rel}","templated":true}]}}