{"id":91064,"date":"2021-04-19T09:48:26","date_gmt":"2021-04-19T12:48:26","guid":{"rendered":"https:\/\/eldiariodesanpedro.com.ar\/sitio\/?p=91064"},"modified":"2021-04-19T09:48:31","modified_gmt":"2021-04-19T12:48:31","slug":"bono-de-15-000-para-auh-aue-y-monotributistas-fechas-de-cobro-y-zonas","status":"publish","type":"post","link":"https:\/\/eldiariodesanpedro.com.ar\/sitio\/bono-de-15-000-para-auh-aue-y-monotributistas-fechas-de-cobro-y-zonas\/","title":{"rendered":"Bono de $ 15.000 para AUH, AUE y Monotributistas: fechas de cobro y zonas"},"content":{"rendered":"<!-- VideographyWP Plugin Message: Automatic video embedding prevented by plugin options. -->\n\n<p>Vuelven medidas m\u00e1s restrictivas ante la pandemia por el COVID-19 y, con estas, el Gobierno refuerza nuevamente la ayuda social para los sectores m\u00e1s vulnerables, a los cuales ya ven\u00eda apoyando con una variedad de beneficios focalizados.<\/p>\n\n\n\n<p>Frente a este panorama, Alberto Fern\u00e1ndez adelant\u00f3 este jueves la entrega de un&nbsp;bono \u00fanico de $ 15.000&nbsp;para los beneficiarios de la Asignaci\u00f3n Universal por Hijo&nbsp;(AUH), la Asignaci\u00f3n Universal por Embarazo&nbsp;(AUE)&nbsp;y los&nbsp;monotributistas de las categor\u00edas m\u00e1s bajas&nbsp;(A y B) que reciban&nbsp;Asignaciones Familiares. Por lo pronto, recibir\u00e1n el bono quienes apliquen a los puntos anteriores y se encuentren en los municipios del&nbsp;\u00c1rea Metropolitana de Buenos Aires (AMBA) en Fase 3.<\/p>\n\n\n\n<p>Sin embargo, el presidente especific\u00f3 que existe la posibilidad de ampliar esta ayuda a otras partes del territorio nacional: \u00abAcceder\u00e1n todos los que se vean afectados por la medida, que hoy es para el AMBA, pero conf\u00edo en que otras provincias que tambi\u00e9n est\u00e1n teniendo un n\u00famero de casos, en la medida en que se vayan uniendo a las restricciones, sus pobladores se ver\u00e1n beneficiados con esta medida\u00bb.<\/p>\n\n\n\n<p>En este marco,&nbsp;Fernanda Raverta, titular de la Administraci\u00f3n Nacional de Seguridad Social (ANSeS), reafirm\u00f3 lo establecido por el presidente y&nbsp;dio detalles del beneficio en una&nbsp;conferencia de prensa&nbsp;junto a Claudio Moroni, ministro de Trabajo, qui\u00e9n trat\u00f3 la ampliaci\u00f3n del programa&nbsp;REPRO II&nbsp;.<\/p>\n\n\n\n<p>\u00abLas mam\u00e1s de los chicos y chicas titulares de la AUH van a poder cobrar por \u00fanica vez 15.000 pesos. La idea de esta medida es que casi un mill\u00f3n de personas puedan acceder a esta asistencia econ\u00f3mica en un momento complejo, con la idea de empezar por los \u00faltimos\u00bb, comenz\u00f3 Raverta, considerando que el 94 % de las beneficiarias de la AUH son mujeres.<\/p>\n\n\n\n<p>Luego, revel\u00f3 que el bono, el cual le costar\u00e1 al Gobierno unos $ 15.000 millones, se comenzar\u00e1 a abonar a partir del lunes 26 de abril seg\u00fan el calendario de pagos y comenzando por los DNI terminados en 0. De esta forma, las fechas de cobro ser\u00e1n las siguientes:<\/p>\n\n\n\n<p>Lunes 26 de abril: documentos terminados en 0<br>Martes 27 de abril: documentos terminados en 1<br>Mi\u00e9rcoles 28 de abril: documentos terminados en 2<br>Jueves 29 de abril: documentos terminados en 3<br>Viernes 30 de abril: documentos terminados en 4<br>Lunes 3 de mayo: documentos terminados en 5<br>Martes 4 de mayo: documentos terminados en 6<br>Mi\u00e9rcoles 5 de mayo: documentos terminados en 7<br>Jueves 6 de mayo: documentos terminados en 8<br>Viernes 7 de mayo: documentos terminados en 9<\/p>\n\n\n\n<p>Este bono exclusivo no requiere inscripci\u00f3n ni la realizaci\u00f3n de tr\u00e1mites adicionales ya que la ANSeS utilizar\u00e1 la informaci\u00f3n de su sistema para distinguir a los beneficiarios correspondientes y, as\u00ed, abonar la suma extra de dinero de manera autom\u00e1tica en sus cuentas usuales.<\/p>\n\n\n\n<p><\/p>\n","protected":false},"excerpt":{"rendered":"<p>Vuelven medidas m\u00e1s restrictivas ante la pandemia por el COVID-19 y, con estas, el Gobierno refuerza nuevamente la ayuda social para los sectores m\u00e1s vulnerables, a los cuales ya ven\u00eda apoyando con una variedad de beneficios focalizados. Frente a este panorama, Alberto Fern\u00e1ndez adelant\u00f3 este jueves la entrega de un&nbsp;bono \u00fanico de $ 15.000&nbsp;para los [&hellip;]<\/p>\n","protected":false},"author":4,"featured_media":85581,"comment_status":"open","ping_status":"closed","sticky":false,"template":"","format":"standard","meta":{"om_disable_all_campaigns":false,"_jetpack_memberships_contains_paid_content":false,"footnotes":""},"categories":[621],"tags":[],"class_list":["post-91064","post","type-post","status-publish","format-standard","has-post-thumbnail","hentry","category-regionales"],"aioseo_notices":[],"gutentor_comment":0,"jetpack_featured_media_url":"https:\/\/eldiariodesanpedro.com.ar\/sitio\/wp-content\/uploads\/2021\/01\/anses.jpg","jetpack_shortlink":"https:\/\/wp.me\/p6RhLt-nGM","jetpack_sharing_enabled":true,"_links":{"self":[{"href":"https:\/\/eldiariodesanpedro.com.ar\/sitio\/wp-json\/wp\/v2\/posts\/91064","targetHints":{"allow":["GET"]}}],"collection":[{"href":"https:\/\/eldiariodesanpedro.com.ar\/sitio\/wp-json\/wp\/v2\/posts"}],"about":[{"href":"https:\/\/eldiariodesanpedro.com.ar\/sitio\/wp-json\/wp\/v2\/types\/post"}],"author":[{"embeddable":true,"href":"https:\/\/eldiariodesanpedro.com.ar\/sitio\/wp-json\/wp\/v2\/users\/4"}],"replies":[{"embeddable":true,"href":"https:\/\/eldiariodesanpedro.com.ar\/sitio\/wp-json\/wp\/v2\/comments?post=91064"}],"version-history":[{"count":1,"href":"https:\/\/eldiariodesanpedro.com.ar\/sitio\/wp-json\/wp\/v2\/posts\/91064\/revisions"}],"predecessor-version":[{"id":91065,"href":"https:\/\/eldiariodesanpedro.com.ar\/sitio\/wp-json\/wp\/v2\/posts\/91064\/revisions\/91065"}],"wp:featuredmedia":[{"embeddable":true,"href":"https:\/\/eldiariodesanpedro.com.ar\/sitio\/wp-json\/wp\/v2\/media\/85581"}],"wp:attachment":[{"href":"https:\/\/eldiariodesanpedro.com.ar\/sitio\/wp-json\/wp\/v2\/media?parent=91064"}],"wp:term":[{"taxonomy":"category","embeddable":true,"href":"https:\/\/eldiariodesanpedro.com.ar\/sitio\/wp-json\/wp\/v2\/categories?post=91064"},{"taxonomy":"post_tag","embeddable":true,"href":"https:\/\/eldiariodesanpedro.com.ar\/sitio\/wp-json\/wp\/v2\/tags?post=91064"}],"curies":[{"name":"wp","href":"https:\/\/api.w.org\/{rel}","templated":true}]}}