{"id":91061,"date":"2021-04-19T09:44:24","date_gmt":"2021-04-19T12:44:24","guid":{"rendered":"https:\/\/eldiariodesanpedro.com.ar\/sitio\/?p=91061"},"modified":"2021-04-19T09:44:30","modified_gmt":"2021-04-19T12:44:30","slug":"desde-provincia-advierten-que-en-10-o-15-dias-puede-haber-50-mil-casos-promedio","status":"publish","type":"post","link":"https:\/\/eldiariodesanpedro.com.ar\/sitio\/desde-provincia-advierten-que-en-10-o-15-dias-puede-haber-50-mil-casos-promedio\/","title":{"rendered":"Desde Provincia advierten que en 10 \u00f3 15 d\u00edas puede haber 50 mil casos promedio"},"content":{"rendered":"<!-- VideographyWP Plugin Message: Automatic video embedding prevented by plugin options. -->\n\n<p>As\u00ed lo afirm\u00f3 el viceministro de Salud, Nicol\u00e1s Kreplak, que asegur\u00f3 que lo m\u00e1s probables es que \u00abno estemos con menos casos\u00bb. Adem\u00e1s, insisti\u00f3 en que las aulas \u00abson lugares seguros pero que el peligro est\u00e1 en la movilizaci\u00f3n de las familias para llevar a los chicos a la escuelas\u00bb.<\/p>\n\n\n\n<p>El viceministro de Salud bonaerense, Nicol\u00e1s Kreplak, asegur\u00f3 que si el presidente Alberto Fern\u00e1ndez no decretaba nuevas restricciones para frenar la segunda ola de coronavirus,&nbsp;<strong>en los pr\u00f3ximos 15 d\u00edas la situaci\u00f3n \u201cser\u00eda catastr\u00f3fica\u201d.<\/strong><br><br><strong>\u00abLa perspectiva indica&nbsp;que vamos a estar en 50 mil casos por d\u00eda en el pa\u00eds, y tenemos que evitar eso\u00bb,&nbsp;<\/strong>alert\u00f3 el funcionario de Salud provincial ante la resistencia de un sector de la sociedad por el cierre de escuelas y la restricci\u00f3n de la circulaci\u00f3n en horario nocturno.<br><br>En los \u00faltimos siete d\u00edas se registraron 160.447 casos, lo que da un&nbsp;<strong>promedio diario de 22.921.&nbsp;<\/strong>La semana pasada, en tanto, el promedio hab\u00eda sido de 19.109; lo que equivale a una&nbsp;<strong>suba mayor al 19%&nbsp;<\/strong>en la tasa de contagiosidad.<br><br>\u00ab<strong>La proyecci\u00f3n es que los contagios van a aumentar<\/strong>. Quiz\u00e1 no estemos mejor en cantidad de casos pero s\u00ed en proyecci\u00f3n, que es catastr\u00f3fica hoy\u00bb, advirti\u00f3 Kreplak.<\/p>\n\n\n\n<p>Asimismo,&nbsp; el viceministro de Salud no se anim\u00f3 a confirmar el regreso la vuelta a clases presenciales dentro de dos semanas, y dijo que<strong>&nbsp;\u201chabr\u00e1 que seguir tomando medidas<\/strong>\u201d.<br><br>En ese sentido, insisti\u00f3 en que&nbsp;<strong>las aulas \u00abson lugares seguros pero que el peligro est\u00e1 en la movilizaci\u00f3n de las familias para llevar a los chicos a la escuelas\u00bb<\/strong>.<\/p>\n\n\n\n<p>\u201cLos contagios no se producen en un lugar sino una serie de acciones que mientras menos protocolos tengamos m\u00e1s inseguros son, pero no es que si uno tiene los protocolos nada va a suceder\u201d, sostuvo en declaraciones radiales.<br><br>Adem\u00e1s, detall\u00f3 que \u201c<strong>en AMBA son 3 millones de ni\u00f1os que van a la escuela, que si van con un familiar son 6 millones que se movilizan<\/strong>&nbsp;por esto y eso genera movimiento y contagios\u201d.<\/p>\n\n\n\n<p>Por otra parte, Kreplak se\u00f1al\u00f3 que&nbsp;<strong>\u201choy la Ciudad de Buenos Aires tiene el sistema de salud colapsado y el primer cord\u00f3n del conurbano tambi\u00e9n\u201d,&nbsp;<\/strong>e indic\u00f3 que \u201ctenemos el 75% de ocupaci\u00f3n y es dif\u00edcil conseguir una cama\u201d.<br><br>Por eso, desde el gobierno provincial adhirieron a la necesidad de que \u201c<strong>no se circule de noche, no haya reuniones sociales y se limiten las clases<\/strong>&nbsp;porque tenemos que bajar la velocidad de los contagios\u201d.&nbsp;<br><br>Al ser consultado sobre la aparici\u00f3n de la&nbsp;<strong>cepa de Manaos en La Plata,<\/strong>&nbsp;donde 7 de cada 10 enfermos de Covid-19 la padecen, Kreplac sentenci\u00f3 que \u00absi est\u00e1 en La Plata, est\u00e1 en CABA tambi\u00e9n y es la causa de la cantidad de casos\u00bb.<\/p>\n\n\n\n<p>Un total de 22 casos fueron detectados en la Ciudad de Buenos Aires, de los cuales 20 no tienen antecedente de viaje ni nexo epidemiol\u00f3gico con viajeros. Y otros cuatro contagios correspondieron al conurbano bonaerense: uno de Ituzaing\u00f3, uno de Tres de Febrero, uno de Merlo y uno de Haedo, todos sin antecedente de viaje ni nexo epidemiol\u00f3gico con viajeros.<\/p>\n\n\n\n<p>La variante del Amazonas del coronavirus, que ya circula en la Argentina, tiene capacidad de reinfectar a quienes ya fueron v\u00edctimas de COVID-19 y abriga un poder duplicado de contagio. Estudios sostienen que puede eludir el sistema inmunol\u00f3gico y causar una nueva infecci\u00f3n.<\/p>\n\n\n\n<p>Fuente: <a href=\"https:\/\/www.latecla.info\/120585-desde-provincia-advierten-que-en-10-o-15-dias-puede-hab\">La Tecla<\/a><\/p>\n","protected":false},"excerpt":{"rendered":"<p>As\u00ed lo afirm\u00f3 el viceministro de Salud, Nicol\u00e1s Kreplak, que asegur\u00f3 que lo m\u00e1s probables es que \u00abno estemos con menos casos\u00bb. Adem\u00e1s, insisti\u00f3 en que las aulas \u00abson lugares seguros pero que el peligro est\u00e1 en la movilizaci\u00f3n de las familias para llevar a los chicos a la escuelas\u00bb. El viceministro de Salud bonaerense, [&hellip;]<\/p>\n","protected":false},"author":4,"featured_media":91062,"comment_status":"open","ping_status":"closed","sticky":false,"template":"","format":"standard","meta":{"om_disable_all_campaigns":false,"_jetpack_memberships_contains_paid_content":false,"footnotes":""},"categories":[621],"tags":[],"class_list":["post-91061","post","type-post","status-publish","format-standard","has-post-thumbnail","hentry","category-regionales"],"aioseo_notices":[],"gutentor_comment":0,"jetpack_featured_media_url":"https:\/\/eldiariodesanpedro.com.ar\/sitio\/wp-content\/uploads\/2021\/04\/127120_3.jpg","jetpack_shortlink":"https:\/\/wp.me\/p6RhLt-nGJ","jetpack_sharing_enabled":true,"_links":{"self":[{"href":"https:\/\/eldiariodesanpedro.com.ar\/sitio\/wp-json\/wp\/v2\/posts\/91061","targetHints":{"allow":["GET"]}}],"collection":[{"href":"https:\/\/eldiariodesanpedro.com.ar\/sitio\/wp-json\/wp\/v2\/posts"}],"about":[{"href":"https:\/\/eldiariodesanpedro.com.ar\/sitio\/wp-json\/wp\/v2\/types\/post"}],"author":[{"embeddable":true,"href":"https:\/\/eldiariodesanpedro.com.ar\/sitio\/wp-json\/wp\/v2\/users\/4"}],"replies":[{"embeddable":true,"href":"https:\/\/eldiariodesanpedro.com.ar\/sitio\/wp-json\/wp\/v2\/comments?post=91061"}],"version-history":[{"count":1,"href":"https:\/\/eldiariodesanpedro.com.ar\/sitio\/wp-json\/wp\/v2\/posts\/91061\/revisions"}],"predecessor-version":[{"id":91063,"href":"https:\/\/eldiariodesanpedro.com.ar\/sitio\/wp-json\/wp\/v2\/posts\/91061\/revisions\/91063"}],"wp:featuredmedia":[{"embeddable":true,"href":"https:\/\/eldiariodesanpedro.com.ar\/sitio\/wp-json\/wp\/v2\/media\/91062"}],"wp:attachment":[{"href":"https:\/\/eldiariodesanpedro.com.ar\/sitio\/wp-json\/wp\/v2\/media?parent=91061"}],"wp:term":[{"taxonomy":"category","embeddable":true,"href":"https:\/\/eldiariodesanpedro.com.ar\/sitio\/wp-json\/wp\/v2\/categories?post=91061"},{"taxonomy":"post_tag","embeddable":true,"href":"https:\/\/eldiariodesanpedro.com.ar\/sitio\/wp-json\/wp\/v2\/tags?post=91061"}],"curies":[{"name":"wp","href":"https:\/\/api.w.org\/{rel}","templated":true}]}}