{"id":91058,"date":"2021-04-19T09:40:36","date_gmt":"2021-04-19T12:40:36","guid":{"rendered":"https:\/\/eldiariodesanpedro.com.ar\/sitio\/?p=91058"},"modified":"2021-04-19T09:40:42","modified_gmt":"2021-04-19T12:40:42","slug":"alerta-de-los-medicos-bonaerenses-el-sistema-de-salud-afrontara-semanas-criticas-para-evitar-el-colapso","status":"publish","type":"post","link":"https:\/\/eldiariodesanpedro.com.ar\/sitio\/alerta-de-los-medicos-bonaerenses-el-sistema-de-salud-afrontara-semanas-criticas-para-evitar-el-colapso\/","title":{"rendered":"Alerta de los m\u00e9dicos bonaerenses: \u00abEl sistema de salud afrontar\u00e1 semanas cr\u00edticas para evitar el colapso\u00bb"},"content":{"rendered":"<!-- VideographyWP Plugin Message: Automatic video embedding prevented by plugin options. -->\n\n<p>El gremio Cicop remarc\u00f3 en un comunicado que las medidas sanitarias \u00abest\u00e1n en sinton\u00eda\u00bb con lo que piden, aunque las consideran \u00abinsuficientes\u00bb. \u00abLa situaci\u00f3n de cat\u00e1strofe mundial exige la liberaci\u00f3n de las patentes para poder multiplicar el ritmo de producci\u00f3n de vacunas\u00bb, subray\u00f3 Cicop.<\/p>\n\n\n\n<p>La Asociaci\u00f3n Sindical de Profesionales de la Salud de la Provincia de Buenos Aires (Cicop) advirti\u00f3 que \u00ab<strong>el sistema de salud afrontar\u00e1 semanas cr\u00edticas para evitar el colapso de su capacidad<\/strong>\u00ab, en el marco del fuerte crecimiento de casos de coronavirus.<\/p>\n\n\n\n<p>Para el gremio, el impacto de&nbsp;<strong>las nuevas restricciones<\/strong>&nbsp;dispuestas por el Gobierno nacional \u00ab<strong>se podr\u00e1 valorar reci\u00e9n de un tiempo<\/strong>\u00ab.<\/p>\n\n\n\n<p>Los m\u00e9dicos nucleados en ese gremio a\u00f1adieron que \u00ab<strong>la apertura de pr\u00e1cticamente todas las actividades durante el mes de marzo<\/strong>&nbsp;y el ingreso de&nbsp;<strong>nuevas variantes con mayor contagiosidad<\/strong>&nbsp;han colaborado para que el fen\u00f3meno de&nbsp;<strong>la segunda ola<\/strong>&nbsp;tenga una magnitud superior a la del a\u00f1o pasado. Desde Cicop alertamos p\u00fablicamente luego de Semana Santa la necesidad de disminuir la circulaci\u00f3n de personas para frenar el n\u00famero de contagios\u00bb.<\/p>\n\n\n\n<p>En un comunicado, indicaron que \u00abcomo en todos los pa\u00edses del mundo, la din\u00e1mica de la pandemia impone momentos de cierre, y durante algunos per\u00edodos, permite aperturas parciales\u00bb y que \u00ab<strong>hay consenso de que el momento actual es de cierre de actividades<\/strong>\u00ab.<\/p>\n\n\n\n<p>De esa forma, cuestionaron que \u00ab<strong>algunos sectores cuestionan p\u00fablicamente esta estrategia subestimando la magnitud del problema sanitario&nbsp;<\/strong>y solo contribuyen a que aumente la circulaci\u00f3n del virus sin poder ver que el sistema de salud se qued\u00f3 sin margen para afrontar mayores niveles de contagio e internaciones\u00bb.<\/p>\n\n\n\n<p>Cicop afirm\u00f3 que&nbsp;<strong>las medidas sanitarias \u00abest\u00e1n en sinton\u00eda\u00bb con los que pide el gremio, aunque consider\u00f3 que \u00abson insuficientes\u00bb<\/strong>.<\/p>\n\n\n\n<p>Entre varios puntos, pidi\u00f3 que&nbsp;<strong>\u00abse revaloricen los comit\u00e9s de crisis locales, en hospitales y municipios, con participaci\u00f3n de los sindicatos, para una mejor gesti\u00f3n de la respuesta frente a la pandemia<\/strong>\u00ab, y que&nbsp;<strong>aumente la velocidad de vacunaci\u00f3n<\/strong>&nbsp;\u00abpara que las medidas restrictivas tengan un mayor impacto\u00bb.<\/p>\n\n\n\n<p>Asimismo, desde Cicop subrayaron que \u00abla pandemia ha desnudado como nunca la naturaleza del sistema econ\u00f3mico mundial en donde prevalece la l\u00f3gica de la ganancia por sobre la vida de las personas.&nbsp;<strong>La situaci\u00f3n de cat\u00e1strofe mundial exige la liberaci\u00f3n de las patentes para poder multiplicar el ritmo de producci\u00f3n de vacunas\u00bb<\/strong>.<\/p>\n\n\n\n<p>En ese marco, pidieron la \u00abdeclaraci\u00f3n de las vacunas como bien p\u00fablico porque ambas medidas permitir\u00edan ampliar la producci\u00f3n a gran escala y salvar millones de vidas en todo el mundo\u00bb.<\/p>\n\n\n\n<p>Fuente: <a href=\"https:\/\/www.latecla.info\/120597-alerta-de-los-medicos-bonaerenses-el-sistema-de-salud-a\">La Tecla<\/a><\/p>\n\n\n\n<p><\/p>\n","protected":false},"excerpt":{"rendered":"<p>El gremio Cicop remarc\u00f3 en un comunicado que las medidas sanitarias \u00abest\u00e1n en sinton\u00eda\u00bb con lo que piden, aunque las consideran \u00abinsuficientes\u00bb. \u00abLa situaci\u00f3n de cat\u00e1strofe mundial exige la liberaci\u00f3n de las patentes para poder multiplicar el ritmo de producci\u00f3n de vacunas\u00bb, subray\u00f3 Cicop. La Asociaci\u00f3n Sindical de Profesionales de la Salud de la Provincia [&hellip;]<\/p>\n","protected":false},"author":4,"featured_media":91059,"comment_status":"open","ping_status":"closed","sticky":false,"template":"","format":"standard","meta":{"om_disable_all_campaigns":false,"_jetpack_memberships_contains_paid_content":false,"footnotes":""},"categories":[621],"tags":[],"class_list":["post-91058","post","type-post","status-publish","format-standard","has-post-thumbnail","hentry","category-regionales"],"aioseo_notices":[],"gutentor_comment":0,"jetpack_featured_media_url":"https:\/\/eldiariodesanpedro.com.ar\/sitio\/wp-content\/uploads\/2021\/04\/127136_3.jpg","jetpack_shortlink":"https:\/\/wp.me\/p6RhLt-nGG","jetpack_sharing_enabled":true,"_links":{"self":[{"href":"https:\/\/eldiariodesanpedro.com.ar\/sitio\/wp-json\/wp\/v2\/posts\/91058","targetHints":{"allow":["GET"]}}],"collection":[{"href":"https:\/\/eldiariodesanpedro.com.ar\/sitio\/wp-json\/wp\/v2\/posts"}],"about":[{"href":"https:\/\/eldiariodesanpedro.com.ar\/sitio\/wp-json\/wp\/v2\/types\/post"}],"author":[{"embeddable":true,"href":"https:\/\/eldiariodesanpedro.com.ar\/sitio\/wp-json\/wp\/v2\/users\/4"}],"replies":[{"embeddable":true,"href":"https:\/\/eldiariodesanpedro.com.ar\/sitio\/wp-json\/wp\/v2\/comments?post=91058"}],"version-history":[{"count":1,"href":"https:\/\/eldiariodesanpedro.com.ar\/sitio\/wp-json\/wp\/v2\/posts\/91058\/revisions"}],"predecessor-version":[{"id":91060,"href":"https:\/\/eldiariodesanpedro.com.ar\/sitio\/wp-json\/wp\/v2\/posts\/91058\/revisions\/91060"}],"wp:featuredmedia":[{"embeddable":true,"href":"https:\/\/eldiariodesanpedro.com.ar\/sitio\/wp-json\/wp\/v2\/media\/91059"}],"wp:attachment":[{"href":"https:\/\/eldiariodesanpedro.com.ar\/sitio\/wp-json\/wp\/v2\/media?parent=91058"}],"wp:term":[{"taxonomy":"category","embeddable":true,"href":"https:\/\/eldiariodesanpedro.com.ar\/sitio\/wp-json\/wp\/v2\/categories?post=91058"},{"taxonomy":"post_tag","embeddable":true,"href":"https:\/\/eldiariodesanpedro.com.ar\/sitio\/wp-json\/wp\/v2\/tags?post=91058"}],"curies":[{"name":"wp","href":"https:\/\/api.w.org\/{rel}","templated":true}]}}