{"id":91055,"date":"2021-04-19T09:34:56","date_gmt":"2021-04-19T12:34:56","guid":{"rendered":"https:\/\/eldiariodesanpedro.com.ar\/sitio\/?p=91055"},"modified":"2021-04-19T09:35:00","modified_gmt":"2021-04-19T12:35:00","slug":"valioso-sexto-puesto-de-morro-iglesias-en-el-tc-pista","status":"publish","type":"post","link":"https:\/\/eldiariodesanpedro.com.ar\/sitio\/valioso-sexto-puesto-de-morro-iglesias-en-el-tc-pista\/","title":{"rendered":"Valioso sexto puesto de \u00abMorro\u00bb Iglesias en el TC Pista"},"content":{"rendered":"<!-- VideographyWP Plugin Message: Automatic video embedding prevented by plugin options. -->\n\n<p>El Aut\u00f3dromo de Concepci\u00f3n del Uruguay fue escenario de la cuarta fecha del campeonato del TC Pista. All\u00ed intervino el sampedrino Fernando \u00abMorro\u00bb Iglesias que volvi\u00f3 a las competencias despu\u00e9s de poner en duda su continuidad en el certamen&nbsp;por diversos motivos.&nbsp;<\/p>\n\n\n\n<p>El fin de semana de Iglesias fue de menor a mayor ya que el s\u00e1bado hab\u00eda logrado ubicarse 15to. Larg\u00f3 14to. en la final del domingo luego de disputar la serie correspondiente.<\/p>\n\n\n\n<p>Una secuencia de toques y despistes hicieron que el \u00abMorro\u00bb zafara y continuara en la carrera algunos lugares m\u00e1s adelante ya que se vio beneficiado por varias deserciones. As\u00ed fue transcurriendo la competencia hasta arribar al final con el sampedrino cuidando el s\u00e9ptimo lugar ue hasta ah\u00ed lo conformaba, pero mejor fue aun cuando fue descalificado Christian Ramos y le permiti\u00f3 a los de atr\u00e1s avanzar un lugar m\u00e1s en el clasificatorio.<\/p>\n\n\n\n<p>El ganador fue Marcos Castro (Ford) seguido de Christian Ramos (Dodge) y Elio Craparo (Ford). Fernando \u00abMorro\u00bb Iglesias qued\u00f3 sexto en la tabla final lo que le permite sumar una buena&nbsp;cantidad de puntos y sumar confianza para lo que viene.&nbsp;En el campeonato Iglesias est\u00e1 30\u00b0 con 39,5 unidades.&nbsp;<\/p>\n\n\n\n<p>La pr\u00f3xima competencia ser\u00e1&nbsp;el 9 de mayo en el aut\u00f3dromo de Paran\u00e1, Entre R\u00edos.<\/p>\n\n\n\n<p>\u201cGran ritmo del Chevrolet que nos permiti\u00f3 avanzar en la primera parte de la carrera donde zaf\u00e9 de casualidad de los toques, y luego nos mantuvimos firmes para seguir ganando puestos. Feliz de haber vuelto con este rendimiento, m\u00e9rito de todo el @iglesiascompeticion y del trabajo en conjunto de Ivan Bondaruk y Mart\u00edn Constanzo. Este resultado nos motiva a ir por mucho m\u00e1s en la pr\u00f3xima carrera\u201d, dijo Iglesias tras la carrera.<\/p>\n\n\n\n<p>Fuente: <a href=\"https:\/\/www.sanpedroinforma.com.ar\/nota\/124138\/deportes\/valioso-sexto-puesto-de-morro-iglesias-en-el-tc-pista.html\">San Pedro Informa<\/a><\/p>\n","protected":false},"excerpt":{"rendered":"<p>El Aut\u00f3dromo de Concepci\u00f3n del Uruguay fue escenario de la cuarta fecha del campeonato del TC Pista. All\u00ed intervino el sampedrino Fernando \u00abMorro\u00bb Iglesias que volvi\u00f3 a las competencias despu\u00e9s de poner en duda su continuidad en el certamen&nbsp;por diversos motivos.&nbsp; El fin de semana de Iglesias fue de menor a mayor ya que el [&hellip;]<\/p>\n","protected":false},"author":4,"featured_media":91056,"comment_status":"open","ping_status":"closed","sticky":false,"template":"","format":"standard","meta":{"om_disable_all_campaigns":false,"_jetpack_memberships_contains_paid_content":false,"footnotes":""},"categories":[50,101,2],"tags":[],"class_list":["post-91055","post","type-post","status-publish","format-standard","has-post-thumbnail","hentry","category-destacadas","category-interes-general-locales","category-locales"],"aioseo_notices":[],"gutentor_comment":0,"jetpack_featured_media_url":"https:\/\/eldiariodesanpedro.com.ar\/sitio\/wp-content\/uploads\/2021\/04\/000091033.jpg","jetpack_shortlink":"https:\/\/wp.me\/p6RhLt-nGD","jetpack_sharing_enabled":true,"_links":{"self":[{"href":"https:\/\/eldiariodesanpedro.com.ar\/sitio\/wp-json\/wp\/v2\/posts\/91055","targetHints":{"allow":["GET"]}}],"collection":[{"href":"https:\/\/eldiariodesanpedro.com.ar\/sitio\/wp-json\/wp\/v2\/posts"}],"about":[{"href":"https:\/\/eldiariodesanpedro.com.ar\/sitio\/wp-json\/wp\/v2\/types\/post"}],"author":[{"embeddable":true,"href":"https:\/\/eldiariodesanpedro.com.ar\/sitio\/wp-json\/wp\/v2\/users\/4"}],"replies":[{"embeddable":true,"href":"https:\/\/eldiariodesanpedro.com.ar\/sitio\/wp-json\/wp\/v2\/comments?post=91055"}],"version-history":[{"count":1,"href":"https:\/\/eldiariodesanpedro.com.ar\/sitio\/wp-json\/wp\/v2\/posts\/91055\/revisions"}],"predecessor-version":[{"id":91057,"href":"https:\/\/eldiariodesanpedro.com.ar\/sitio\/wp-json\/wp\/v2\/posts\/91055\/revisions\/91057"}],"wp:featuredmedia":[{"embeddable":true,"href":"https:\/\/eldiariodesanpedro.com.ar\/sitio\/wp-json\/wp\/v2\/media\/91056"}],"wp:attachment":[{"href":"https:\/\/eldiariodesanpedro.com.ar\/sitio\/wp-json\/wp\/v2\/media?parent=91055"}],"wp:term":[{"taxonomy":"category","embeddable":true,"href":"https:\/\/eldiariodesanpedro.com.ar\/sitio\/wp-json\/wp\/v2\/categories?post=91055"},{"taxonomy":"post_tag","embeddable":true,"href":"https:\/\/eldiariodesanpedro.com.ar\/sitio\/wp-json\/wp\/v2\/tags?post=91055"}],"curies":[{"name":"wp","href":"https:\/\/api.w.org\/{rel}","templated":true}]}}