{"id":91042,"date":"2021-04-18T21:36:08","date_gmt":"2021-04-19T00:36:08","guid":{"rendered":"https:\/\/eldiariodesanpedro.com.ar\/sitio\/?p=91042"},"modified":"2021-04-18T21:36:12","modified_gmt":"2021-04-19T00:36:12","slug":"firma-de-convenio-con-el-patronato-de-liberados","status":"publish","type":"post","link":"https:\/\/eldiariodesanpedro.com.ar\/sitio\/firma-de-convenio-con-el-patronato-de-liberados\/","title":{"rendered":"Firma de convenio con el Patronato de Liberados"},"content":{"rendered":"<!-- VideographyWP Plugin Message: Automatic video embedding prevented by plugin options. -->\n\n<p>El Intendente Municipal Cecilio Salazar, acompa\u00f1ado por el Secretario de Desarrollo Humano Walter S\u00e1nchez y la Subsecretaria de Pol\u00edticas de G\u00e9nero, Mujeres y Diversidad Laura Monfasani, recibieron la visita de autoridades del Patronato de Liberados Bonaerense para la firma de un convenio y el ingreso del Municipio al Programa \u201cM\u00e1s trabajo, menos reincidencia\u201d.<\/p>\n\n\n\n<p>Este programa tiene como objetivo principal, la adecuada inclusi\u00f3n e inserci\u00f3n social de las personas que recuperan la libertad ambulatoria para contribuir a la reducci\u00f3n de la tasa de reincidencia delictiva.<\/p>\n\n\n\n<p>El Patronato de Liberados busca la prevenci\u00f3n del delito a trav\u00e9s de la inclusi\u00f3n social, trabajando a fin de superar la vulnerabilidad social-econ\u00f3mica y el goce efectivo de los derechos en condiciones de igualdad y de no discriminaci\u00f3n.<\/p>\n\n\n\n<p>A trav\u00e9s de este programa, el Municipio se compromete a prestar las locaciones o lugares de trabajo sin costo alguno, mientras que el Patronato es el encargado de pagarles un beneficio a cambio de trabajo a todas las personas incluidas en este programa, siempre bajo un estricto control de comportamiento.<\/p>\n\n\n\n<figure class=\"wp-block-image size-large\"><img decoding=\"async\" width=\"1024\" height=\"761\" data-attachment-id=\"91047\" data-permalink=\"https:\/\/eldiariodesanpedro.com.ar\/sitio\/firma-de-convenio-con-el-patronato-de-liberados\/174136191_3917266691701310_4218861468470156821_n\/\" data-orig-file=\"https:\/\/eldiariodesanpedro.com.ar\/sitio\/wp-content\/uploads\/2021\/04\/174136191_3917266691701310_4218861468470156821_n.jpg\" data-orig-size=\"1738,1291\" data-comments-opened=\"1\" data-image-meta=\"{&quot;aperture&quot;:&quot;0&quot;,&quot;credit&quot;:&quot;&quot;,&quot;camera&quot;:&quot;&quot;,&quot;caption&quot;:&quot;&quot;,&quot;created_timestamp&quot;:&quot;0&quot;,&quot;copyright&quot;:&quot;&quot;,&quot;focal_length&quot;:&quot;0&quot;,&quot;iso&quot;:&quot;0&quot;,&quot;shutter_speed&quot;:&quot;0&quot;,&quot;title&quot;:&quot;&quot;,&quot;orientation&quot;:&quot;0&quot;}\" data-image-title=\"174136191_3917266691701310_4218861468470156821_n\" data-image-description=\"\" data-image-caption=\"\" data-large-file=\"https:\/\/eldiariodesanpedro.com.ar\/sitio\/wp-content\/uploads\/2021\/04\/174136191_3917266691701310_4218861468470156821_n-1024x761.jpg\" data-src=\"https:\/\/eldiariodesanpedro.com.ar\/sitio\/wp-content\/uploads\/2021\/04\/174136191_3917266691701310_4218861468470156821_n-1024x761.jpg\" alt=\"\" class=\"wp-image-91047 lazyload\" data-srcset=\"https:\/\/eldiariodesanpedro.com.ar\/sitio\/wp-content\/uploads\/2021\/04\/174136191_3917266691701310_4218861468470156821_n-1024x761.jpg 1024w, https:\/\/eldiariodesanpedro.com.ar\/sitio\/wp-content\/uploads\/2021\/04\/174136191_3917266691701310_4218861468470156821_n-300x223.jpg 300w, https:\/\/eldiariodesanpedro.com.ar\/sitio\/wp-content\/uploads\/2021\/04\/174136191_3917266691701310_4218861468470156821_n-768x570.jpg 768w, https:\/\/eldiariodesanpedro.com.ar\/sitio\/wp-content\/uploads\/2021\/04\/174136191_3917266691701310_4218861468470156821_n-1536x1141.jpg 1536w, https:\/\/eldiariodesanpedro.com.ar\/sitio\/wp-content\/uploads\/2021\/04\/174136191_3917266691701310_4218861468470156821_n.jpg 1738w\" data-sizes=\"(max-width: 1024px) 100vw, 1024px\" src=\"data:image\/svg+xml;base64,PHN2ZyB3aWR0aD0iMSIgaGVpZ2h0PSIxIiB4bWxucz0iaHR0cDovL3d3dy53My5vcmcvMjAwMC9zdmciPjwvc3ZnPg==\" style=\"--smush-placeholder-width: 1024px; --smush-placeholder-aspect-ratio: 1024\/761;\" \/><\/figure>\n\n\n\n<figure class=\"wp-block-image size-large\"><img decoding=\"async\" width=\"1024\" height=\"748\" data-attachment-id=\"91046\" data-permalink=\"https:\/\/eldiariodesanpedro.com.ar\/sitio\/firma-de-convenio-con-el-patronato-de-liberados\/173943435_3917266551701324_3310748012179442947_n\/\" data-orig-file=\"https:\/\/eldiariodesanpedro.com.ar\/sitio\/wp-content\/uploads\/2021\/04\/173943435_3917266551701324_3310748012179442947_n.jpg\" data-orig-size=\"1768,1292\" data-comments-opened=\"1\" data-image-meta=\"{&quot;aperture&quot;:&quot;0&quot;,&quot;credit&quot;:&quot;&quot;,&quot;camera&quot;:&quot;&quot;,&quot;caption&quot;:&quot;&quot;,&quot;created_timestamp&quot;:&quot;0&quot;,&quot;copyright&quot;:&quot;&quot;,&quot;focal_length&quot;:&quot;0&quot;,&quot;iso&quot;:&quot;0&quot;,&quot;shutter_speed&quot;:&quot;0&quot;,&quot;title&quot;:&quot;&quot;,&quot;orientation&quot;:&quot;0&quot;}\" data-image-title=\"173943435_3917266551701324_3310748012179442947_n\" data-image-description=\"\" data-image-caption=\"\" data-large-file=\"https:\/\/eldiariodesanpedro.com.ar\/sitio\/wp-content\/uploads\/2021\/04\/173943435_3917266551701324_3310748012179442947_n-1024x748.jpg\" data-src=\"https:\/\/eldiariodesanpedro.com.ar\/sitio\/wp-content\/uploads\/2021\/04\/173943435_3917266551701324_3310748012179442947_n-1024x748.jpg\" alt=\"\" class=\"wp-image-91046 lazyload\" data-srcset=\"https:\/\/eldiariodesanpedro.com.ar\/sitio\/wp-content\/uploads\/2021\/04\/173943435_3917266551701324_3310748012179442947_n-1024x748.jpg 1024w, https:\/\/eldiariodesanpedro.com.ar\/sitio\/wp-content\/uploads\/2021\/04\/173943435_3917266551701324_3310748012179442947_n-300x219.jpg 300w, https:\/\/eldiariodesanpedro.com.ar\/sitio\/wp-content\/uploads\/2021\/04\/173943435_3917266551701324_3310748012179442947_n-768x561.jpg 768w, https:\/\/eldiariodesanpedro.com.ar\/sitio\/wp-content\/uploads\/2021\/04\/173943435_3917266551701324_3310748012179442947_n-1536x1122.jpg 1536w, https:\/\/eldiariodesanpedro.com.ar\/sitio\/wp-content\/uploads\/2021\/04\/173943435_3917266551701324_3310748012179442947_n.jpg 1768w\" data-sizes=\"(max-width: 1024px) 100vw, 1024px\" src=\"data:image\/svg+xml;base64,PHN2ZyB3aWR0aD0iMSIgaGVpZ2h0PSIxIiB4bWxucz0iaHR0cDovL3d3dy53My5vcmcvMjAwMC9zdmciPjwvc3ZnPg==\" style=\"--smush-placeholder-width: 1024px; --smush-placeholder-aspect-ratio: 1024\/748;\" \/><\/figure>\n\n\n\n<figure class=\"wp-block-image size-large\"><img decoding=\"async\" width=\"1024\" height=\"703\" data-attachment-id=\"91045\" data-permalink=\"https:\/\/eldiariodesanpedro.com.ar\/sitio\/firma-de-convenio-con-el-patronato-de-liberados\/173913793_3917266038368042_7292454319534489906_n\/\" data-orig-file=\"https:\/\/eldiariodesanpedro.com.ar\/sitio\/wp-content\/uploads\/2021\/04\/173913793_3917266038368042_7292454319534489906_n.jpg\" data-orig-size=\"2017,1385\" data-comments-opened=\"1\" data-image-meta=\"{&quot;aperture&quot;:&quot;0&quot;,&quot;credit&quot;:&quot;&quot;,&quot;camera&quot;:&quot;&quot;,&quot;caption&quot;:&quot;&quot;,&quot;created_timestamp&quot;:&quot;0&quot;,&quot;copyright&quot;:&quot;&quot;,&quot;focal_length&quot;:&quot;0&quot;,&quot;iso&quot;:&quot;0&quot;,&quot;shutter_speed&quot;:&quot;0&quot;,&quot;title&quot;:&quot;&quot;,&quot;orientation&quot;:&quot;0&quot;}\" data-image-title=\"173913793_3917266038368042_7292454319534489906_n\" data-image-description=\"\" data-image-caption=\"\" data-large-file=\"https:\/\/eldiariodesanpedro.com.ar\/sitio\/wp-content\/uploads\/2021\/04\/173913793_3917266038368042_7292454319534489906_n-1024x703.jpg\" data-src=\"https:\/\/eldiariodesanpedro.com.ar\/sitio\/wp-content\/uploads\/2021\/04\/173913793_3917266038368042_7292454319534489906_n-1024x703.jpg\" alt=\"\" class=\"wp-image-91045 lazyload\" data-srcset=\"https:\/\/eldiariodesanpedro.com.ar\/sitio\/wp-content\/uploads\/2021\/04\/173913793_3917266038368042_7292454319534489906_n-1024x703.jpg 1024w, https:\/\/eldiariodesanpedro.com.ar\/sitio\/wp-content\/uploads\/2021\/04\/173913793_3917266038368042_7292454319534489906_n-300x206.jpg 300w, https:\/\/eldiariodesanpedro.com.ar\/sitio\/wp-content\/uploads\/2021\/04\/173913793_3917266038368042_7292454319534489906_n-768x527.jpg 768w, https:\/\/eldiariodesanpedro.com.ar\/sitio\/wp-content\/uploads\/2021\/04\/173913793_3917266038368042_7292454319534489906_n-1536x1055.jpg 1536w, https:\/\/eldiariodesanpedro.com.ar\/sitio\/wp-content\/uploads\/2021\/04\/173913793_3917266038368042_7292454319534489906_n.jpg 2017w\" data-sizes=\"(max-width: 1024px) 100vw, 1024px\" src=\"data:image\/svg+xml;base64,PHN2ZyB3aWR0aD0iMSIgaGVpZ2h0PSIxIiB4bWxucz0iaHR0cDovL3d3dy53My5vcmcvMjAwMC9zdmciPjwvc3ZnPg==\" style=\"--smush-placeholder-width: 1024px; --smush-placeholder-aspect-ratio: 1024\/703;\" \/><\/figure>\n\n\n\n<figure class=\"wp-block-image size-large\"><img decoding=\"async\" width=\"1024\" height=\"761\" data-attachment-id=\"91043\" data-permalink=\"https:\/\/eldiariodesanpedro.com.ar\/sitio\/firma-de-convenio-con-el-patronato-de-liberados\/172238008_3917266481701331_3742452058384932265_n\/\" data-orig-file=\"https:\/\/eldiariodesanpedro.com.ar\/sitio\/wp-content\/uploads\/2021\/04\/172238008_3917266481701331_3742452058384932265_n.jpg\" data-orig-size=\"2048,1521\" data-comments-opened=\"1\" data-image-meta=\"{&quot;aperture&quot;:&quot;0&quot;,&quot;credit&quot;:&quot;&quot;,&quot;camera&quot;:&quot;&quot;,&quot;caption&quot;:&quot;&quot;,&quot;created_timestamp&quot;:&quot;0&quot;,&quot;copyright&quot;:&quot;&quot;,&quot;focal_length&quot;:&quot;0&quot;,&quot;iso&quot;:&quot;0&quot;,&quot;shutter_speed&quot;:&quot;0&quot;,&quot;title&quot;:&quot;&quot;,&quot;orientation&quot;:&quot;0&quot;}\" data-image-title=\"172238008_3917266481701331_3742452058384932265_n\" data-image-description=\"\" data-image-caption=\"\" data-large-file=\"https:\/\/eldiariodesanpedro.com.ar\/sitio\/wp-content\/uploads\/2021\/04\/172238008_3917266481701331_3742452058384932265_n-1024x761.jpg\" data-src=\"https:\/\/eldiariodesanpedro.com.ar\/sitio\/wp-content\/uploads\/2021\/04\/172238008_3917266481701331_3742452058384932265_n-1024x761.jpg\" alt=\"\" class=\"wp-image-91043 lazyload\" data-srcset=\"https:\/\/eldiariodesanpedro.com.ar\/sitio\/wp-content\/uploads\/2021\/04\/172238008_3917266481701331_3742452058384932265_n-1024x761.jpg 1024w, https:\/\/eldiariodesanpedro.com.ar\/sitio\/wp-content\/uploads\/2021\/04\/172238008_3917266481701331_3742452058384932265_n-300x223.jpg 300w, https:\/\/eldiariodesanpedro.com.ar\/sitio\/wp-content\/uploads\/2021\/04\/172238008_3917266481701331_3742452058384932265_n-768x570.jpg 768w, https:\/\/eldiariodesanpedro.com.ar\/sitio\/wp-content\/uploads\/2021\/04\/172238008_3917266481701331_3742452058384932265_n-1536x1141.jpg 1536w, https:\/\/eldiariodesanpedro.com.ar\/sitio\/wp-content\/uploads\/2021\/04\/172238008_3917266481701331_3742452058384932265_n.jpg 2048w\" data-sizes=\"(max-width: 1024px) 100vw, 1024px\" src=\"data:image\/svg+xml;base64,PHN2ZyB3aWR0aD0iMSIgaGVpZ2h0PSIxIiB4bWxucz0iaHR0cDovL3d3dy53My5vcmcvMjAwMC9zdmciPjwvc3ZnPg==\" style=\"--smush-placeholder-width: 1024px; --smush-placeholder-aspect-ratio: 1024\/761;\" \/><\/figure>\n","protected":false},"excerpt":{"rendered":"<p>El Intendente Municipal Cecilio Salazar, acompa\u00f1ado por el Secretario de Desarrollo Humano Walter S\u00e1nchez y la Subsecretaria de Pol\u00edticas de G\u00e9nero, Mujeres y Diversidad Laura Monfasani, recibieron la visita de autoridades del Patronato de Liberados Bonaerense para la firma de un convenio y el ingreso del Municipio al Programa \u201cM\u00e1s trabajo, menos reincidencia\u201d. Este programa [&hellip;]<\/p>\n","protected":false},"author":4,"featured_media":91048,"comment_status":"open","ping_status":"closed","sticky":false,"template":"","format":"standard","meta":{"om_disable_all_campaigns":false,"_jetpack_memberships_contains_paid_content":false,"footnotes":""},"categories":[50,101,2],"tags":[],"class_list":["post-91042","post","type-post","status-publish","format-standard","has-post-thumbnail","hentry","category-destacadas","category-interes-general-locales","category-locales"],"aioseo_notices":[],"gutentor_comment":0,"jetpack_featured_media_url":"https:\/\/eldiariodesanpedro.com.ar\/sitio\/wp-content\/uploads\/2021\/04\/175302365_1970794396392381_7972255088141342583_n.jpg","jetpack_shortlink":"https:\/\/wp.me\/p6RhLt-nGq","jetpack_sharing_enabled":true,"_links":{"self":[{"href":"https:\/\/eldiariodesanpedro.com.ar\/sitio\/wp-json\/wp\/v2\/posts\/91042","targetHints":{"allow":["GET"]}}],"collection":[{"href":"https:\/\/eldiariodesanpedro.com.ar\/sitio\/wp-json\/wp\/v2\/posts"}],"about":[{"href":"https:\/\/eldiariodesanpedro.com.ar\/sitio\/wp-json\/wp\/v2\/types\/post"}],"author":[{"embeddable":true,"href":"https:\/\/eldiariodesanpedro.com.ar\/sitio\/wp-json\/wp\/v2\/users\/4"}],"replies":[{"embeddable":true,"href":"https:\/\/eldiariodesanpedro.com.ar\/sitio\/wp-json\/wp\/v2\/comments?post=91042"}],"version-history":[{"count":1,"href":"https:\/\/eldiariodesanpedro.com.ar\/sitio\/wp-json\/wp\/v2\/posts\/91042\/revisions"}],"predecessor-version":[{"id":91049,"href":"https:\/\/eldiariodesanpedro.com.ar\/sitio\/wp-json\/wp\/v2\/posts\/91042\/revisions\/91049"}],"wp:featuredmedia":[{"embeddable":true,"href":"https:\/\/eldiariodesanpedro.com.ar\/sitio\/wp-json\/wp\/v2\/media\/91048"}],"wp:attachment":[{"href":"https:\/\/eldiariodesanpedro.com.ar\/sitio\/wp-json\/wp\/v2\/media?parent=91042"}],"wp:term":[{"taxonomy":"category","embeddable":true,"href":"https:\/\/eldiariodesanpedro.com.ar\/sitio\/wp-json\/wp\/v2\/categories?post=91042"},{"taxonomy":"post_tag","embeddable":true,"href":"https:\/\/eldiariodesanpedro.com.ar\/sitio\/wp-json\/wp\/v2\/tags?post=91042"}],"curies":[{"name":"wp","href":"https:\/\/api.w.org\/{rel}","templated":true}]}}