{"id":91036,"date":"2021-04-18T21:23:14","date_gmt":"2021-04-19T00:23:14","guid":{"rendered":"https:\/\/eldiariodesanpedro.com.ar\/sitio\/?p=91036"},"modified":"2021-04-18T21:23:20","modified_gmt":"2021-04-19T00:23:20","slug":"ramallo-vacunan-a-todos-los-mayores-de-70-anos-con-la-primera-dosis","status":"publish","type":"post","link":"https:\/\/eldiariodesanpedro.com.ar\/sitio\/ramallo-vacunan-a-todos-los-mayores-de-70-anos-con-la-primera-dosis\/","title":{"rendered":"RAMALLO | Vacunan a todos los mayores de 70 a\u00f1os con la primera dosis"},"content":{"rendered":"<!-- VideographyWP Plugin Message: Automatic video embedding prevented by plugin options. -->\n\n<p>Leandro Del Pozo integrante de la Mesa Coordinadora del Plan Vacunate Buenos Aires, manifest\u00f3 en Radio Meta, que para este fin de semana prev\u00e9n llegar a vacunar, con la primera dosis, al 100% de mayores de 70 a\u00f1os inscriptos hasta la semana pasada en Ramallo.<\/p>\n\n\n\n<p>El pasado lunes lleg\u00f3 un nuevo lote de vacunas a nuestro partido destinadas a mayores de 60 a\u00f1os, las cuales se aplicaron durante el martes, mi\u00e9rcoles y este jueves. Pero al quedar un restante de 90 dosis, desde provincia decidieron agregar un tunero m\u00e1s y se vacunar\u00e1 tambi\u00e9n ma\u00f1ana viernes 16 de abril.<\/p>\n\n\n\n<p>Hasta el lunes 12 de abril, seg\u00fan Leandro Del Pozo, en Ramallo se inscribieron 4.978 personas mayores de 60 a\u00f1os y 13.200 personas mayores de 18 a\u00f1os.<\/p>\n\n\n\n<p><strong>Porcentaje de inscriptos vacunados con la primera dosis:<\/strong><\/p>\n\n\n\n<p><strong>Mayores de 60 a\u00f1os<\/strong>: 50%<br><strong>Mayores de 18 a\u00f1os:<\/strong>\u00a035%<br><strong>Porcentaje de Poblaci\u00f3n en total de Ramallo vacunada:<\/strong>\u00a013%<\/p>\n\n\n\n<p>Recordamos que el Centro de Vacunaci\u00f3n se encuentra en el Centro de Jubilados ubicado en av. San Mart\u00edn 550 Ramallo. Si todav\u00eda no te registraste lo puedes hacerlo en:<br><a rel=\"noreferrer noopener\" href=\"https:\/\/vacunatepba.gba.gob.ar\/\" target=\"_blank\">https:\/\/vacunatepba.gba.gob.ar<\/a><\/p>\n\n\n\n<p>Fuente: <a href=\"http:\/\/www.metafm.com.ar\/nota\/vacunan-a-todos-los-mayores-de-70-anos-con-la-primera-dosis\/5025#\">Meta FM<\/a><\/p>\n","protected":false},"excerpt":{"rendered":"<p>Leandro Del Pozo integrante de la Mesa Coordinadora del Plan Vacunate Buenos Aires, manifest\u00f3 en Radio Meta, que para este fin de semana prev\u00e9n llegar a vacunar, con la primera dosis, al 100% de mayores de 70 a\u00f1os inscriptos hasta la semana pasada en Ramallo. El pasado lunes lleg\u00f3 un nuevo lote de vacunas a [&hellip;]<\/p>\n","protected":false},"author":4,"featured_media":91037,"comment_status":"open","ping_status":"closed","sticky":false,"template":"","format":"standard","meta":{"om_disable_all_campaigns":false,"_jetpack_memberships_contains_paid_content":false,"footnotes":""},"categories":[621],"tags":[],"class_list":["post-91036","post","type-post","status-publish","format-standard","has-post-thumbnail","hentry","category-regionales"],"aioseo_notices":[],"gutentor_comment":0,"jetpack_featured_media_url":"https:\/\/eldiariodesanpedro.com.ar\/sitio\/wp-content\/uploads\/2021\/04\/16184978910.jpg","jetpack_shortlink":"https:\/\/wp.me\/p6RhLt-nGk","jetpack_sharing_enabled":true,"_links":{"self":[{"href":"https:\/\/eldiariodesanpedro.com.ar\/sitio\/wp-json\/wp\/v2\/posts\/91036","targetHints":{"allow":["GET"]}}],"collection":[{"href":"https:\/\/eldiariodesanpedro.com.ar\/sitio\/wp-json\/wp\/v2\/posts"}],"about":[{"href":"https:\/\/eldiariodesanpedro.com.ar\/sitio\/wp-json\/wp\/v2\/types\/post"}],"author":[{"embeddable":true,"href":"https:\/\/eldiariodesanpedro.com.ar\/sitio\/wp-json\/wp\/v2\/users\/4"}],"replies":[{"embeddable":true,"href":"https:\/\/eldiariodesanpedro.com.ar\/sitio\/wp-json\/wp\/v2\/comments?post=91036"}],"version-history":[{"count":1,"href":"https:\/\/eldiariodesanpedro.com.ar\/sitio\/wp-json\/wp\/v2\/posts\/91036\/revisions"}],"predecessor-version":[{"id":91038,"href":"https:\/\/eldiariodesanpedro.com.ar\/sitio\/wp-json\/wp\/v2\/posts\/91036\/revisions\/91038"}],"wp:featuredmedia":[{"embeddable":true,"href":"https:\/\/eldiariodesanpedro.com.ar\/sitio\/wp-json\/wp\/v2\/media\/91037"}],"wp:attachment":[{"href":"https:\/\/eldiariodesanpedro.com.ar\/sitio\/wp-json\/wp\/v2\/media?parent=91036"}],"wp:term":[{"taxonomy":"category","embeddable":true,"href":"https:\/\/eldiariodesanpedro.com.ar\/sitio\/wp-json\/wp\/v2\/categories?post=91036"},{"taxonomy":"post_tag","embeddable":true,"href":"https:\/\/eldiariodesanpedro.com.ar\/sitio\/wp-json\/wp\/v2\/tags?post=91036"}],"curies":[{"name":"wp","href":"https:\/\/api.w.org\/{rel}","templated":true}]}}