{"id":91033,"date":"2021-04-18T21:14:17","date_gmt":"2021-04-19T00:14:17","guid":{"rendered":"https:\/\/eldiariodesanpedro.com.ar\/sitio\/?p=91033"},"modified":"2021-04-18T21:14:22","modified_gmt":"2021-04-19T00:14:22","slug":"campana-rapido-accionar-de-prefectura-detuvieron-a-motochorro-que-robaba-con-la-tobillera-electronica-puesta","status":"publish","type":"post","link":"https:\/\/eldiariodesanpedro.com.ar\/sitio\/campana-rapido-accionar-de-prefectura-detuvieron-a-motochorro-que-robaba-con-la-tobillera-electronica-puesta\/","title":{"rendered":"CAMPANA | R\u00e1pido accionar de Prefectura: Detuvieron a motochorro que robaba con la tobillera electr\u00f3nica puesta"},"content":{"rendered":"<!-- VideographyWP Plugin Message: Automatic video embedding prevented by plugin options. -->\n\n<h4 class=\"wp-block-heading\">En momentos que los m\u00f3viles del Operativo de Seguridad Ciudadana de Prefectura efectuaban patrullajes preventivos por la ciudad, uno de ellos fue alertado por un vecino de B\u00b0 Dalmine Nuevo, que dos delincuentes armados que se desplazaban en una moto Rouser de color negro sin patente, hab\u00edan abordado a un joven en Mitre y Santiago del Estero, rob\u00e1ndole su moto Honda Twister color blanca y un celular.<\/h4>\n\n\n\n<p>Con las descripci\u00f3n brindada por la v\u00edctima y el denunciante, lograron interceptar y detener a uno de los rodados y su conductor en Ruta 6, en proximidades del intercambiador de Siderca, continuando el segundo motoveh\u00edculo en fuga hacia el Barrio San Cayetano.<\/p>\n\n\n\n<p>En el lugar se logr\u00f3 la aprehensi\u00f3n de un masculino de 23 a\u00f1os quien se trasladaba en el rodado marca Rouser 200cc sin patente, color Negro con detalles rojas, coincidentes con las descripciones brindadas por la v\u00edctima del il\u00edcito. En el lugar pudo hallarse adem\u00e1s un arma de fuego pistola Bersa 9mm, con munici\u00f3n en recamara y 4 en cargador, que minutos antes fue descartada por el individuo, encontr\u00e1ndose entre sus pertenencias el celular del damnificado.<\/p>\n\n\n\n<p>En forma simult\u00e1nea, otro m\u00f3vil de Prefectura luego de una minuciosa b\u00fasqueda por el B\u00b0San Cayetano, logr\u00f3 interceptar, en calle Crossio al rodado sustra\u00eddo marca Twister 250 deteniendo a otro masculino de 25 a\u00f1os, observando que el mismo pose\u00eda una tobillera electr\u00f3nica (arresto domiciliario por causa anterior).<\/p>\n\n\n\n<p>Intervinieron la UFI N\u00b0 2 y el Juzgado de Garant\u00edas N\u00b01 de Z\u00e1rate \u2013 Campana instruyendo actuaciones caratuladas \u201cROBO AGRAVADO POR SU COMISI\u00d3N POR EL USO DE ARMA DE FUEGO\u201d, siendo trasladados ambos detenidos a la Comisar\u00eda de Escobar de la Polic\u00eda Provincial.<\/p>\n\n\n\n<p>Fuente: <a href=\"https:\/\/infozc.com\/2021\/04\/18\/rapido-accionar-de-prefectura-detuvieron-a-motochorro-que-robaba-con-la-tobillera-electronica-puesta\/\">InfoZC<\/a><\/p>\n","protected":false},"excerpt":{"rendered":"<p>En momentos que los m\u00f3viles del Operativo de Seguridad Ciudadana de Prefectura efectuaban patrullajes preventivos por la ciudad, uno de ellos fue alertado por un vecino de B\u00b0 Dalmine Nuevo, que dos delincuentes armados que se desplazaban en una moto Rouser de color negro sin patente, hab\u00edan abordado a un joven en Mitre y Santiago [&hellip;]<\/p>\n","protected":false},"author":4,"featured_media":91034,"comment_status":"open","ping_status":"closed","sticky":false,"template":"","format":"standard","meta":{"om_disable_all_campaigns":false,"_jetpack_memberships_contains_paid_content":false,"footnotes":""},"categories":[621],"tags":[],"class_list":["post-91033","post","type-post","status-publish","format-standard","has-post-thumbnail","hentry","category-regionales"],"aioseo_notices":[],"gutentor_comment":0,"jetpack_featured_media_url":"https:\/\/eldiariodesanpedro.com.ar\/sitio\/wp-content\/uploads\/2021\/04\/p1.jpg","jetpack_shortlink":"https:\/\/wp.me\/p6RhLt-nGh","jetpack_sharing_enabled":true,"_links":{"self":[{"href":"https:\/\/eldiariodesanpedro.com.ar\/sitio\/wp-json\/wp\/v2\/posts\/91033","targetHints":{"allow":["GET"]}}],"collection":[{"href":"https:\/\/eldiariodesanpedro.com.ar\/sitio\/wp-json\/wp\/v2\/posts"}],"about":[{"href":"https:\/\/eldiariodesanpedro.com.ar\/sitio\/wp-json\/wp\/v2\/types\/post"}],"author":[{"embeddable":true,"href":"https:\/\/eldiariodesanpedro.com.ar\/sitio\/wp-json\/wp\/v2\/users\/4"}],"replies":[{"embeddable":true,"href":"https:\/\/eldiariodesanpedro.com.ar\/sitio\/wp-json\/wp\/v2\/comments?post=91033"}],"version-history":[{"count":1,"href":"https:\/\/eldiariodesanpedro.com.ar\/sitio\/wp-json\/wp\/v2\/posts\/91033\/revisions"}],"predecessor-version":[{"id":91035,"href":"https:\/\/eldiariodesanpedro.com.ar\/sitio\/wp-json\/wp\/v2\/posts\/91033\/revisions\/91035"}],"wp:featuredmedia":[{"embeddable":true,"href":"https:\/\/eldiariodesanpedro.com.ar\/sitio\/wp-json\/wp\/v2\/media\/91034"}],"wp:attachment":[{"href":"https:\/\/eldiariodesanpedro.com.ar\/sitio\/wp-json\/wp\/v2\/media?parent=91033"}],"wp:term":[{"taxonomy":"category","embeddable":true,"href":"https:\/\/eldiariodesanpedro.com.ar\/sitio\/wp-json\/wp\/v2\/categories?post=91033"},{"taxonomy":"post_tag","embeddable":true,"href":"https:\/\/eldiariodesanpedro.com.ar\/sitio\/wp-json\/wp\/v2\/tags?post=91033"}],"curies":[{"name":"wp","href":"https:\/\/api.w.org\/{rel}","templated":true}]}}