{"id":91030,"date":"2021-04-18T21:10:45","date_gmt":"2021-04-19T00:10:45","guid":{"rendered":"https:\/\/eldiariodesanpedro.com.ar\/sitio\/?p=91030"},"modified":"2021-04-18T21:10:49","modified_gmt":"2021-04-19T00:10:49","slug":"zarate-detuvieron-a-delincuentes-que-robaban-en-el-hangar-de-bomberos-voluntarios-de-zarate","status":"publish","type":"post","link":"https:\/\/eldiariodesanpedro.com.ar\/sitio\/zarate-detuvieron-a-delincuentes-que-robaban-en-el-hangar-de-bomberos-voluntarios-de-zarate\/","title":{"rendered":"Z\u00c1RATE | Detuvieron a delincuentes que robaban en el hangar de Bomberos Voluntarios de Z\u00e1rate"},"content":{"rendered":"<!-- VideographyWP Plugin Message: Automatic video embedding prevented by plugin options. -->\n\n<p>A finales de Enero te cont\u00e1bamos que la delincuencia volv\u00eda a afectar a Bomberos Voluntarios de Z\u00e1rate con el robo en el hangar que poseen en Ruta N\u00b0 9.<\/p>\n\n\n\n<p>\u00abEst\u00e1bamos armando un centro de entrenamiento para bomberos; ya ten\u00edamos las donaciones para la instalaci\u00f3n de los contenedores y todo lo que hac\u00eda falta. Los ba\u00f1os y oficinas estaban casi listas. Faltaban las chapas robadas anteriormente que ya estaban pedidas y ahora nos destruyeron todo otra vez. Perdimos las alarmas, la instalaciones el\u00e9ctricas, portones y puertas, todo est\u00e1 roto\u00bb relataron en aquella oportunidad.<\/p>\n\n\n\n<p>Hoy por la tarde la misma historia se repiti\u00f3; un alerta a la DPU precisaba sobre el ingreso de desconocidos a dicho predio. Finalmente fueron los mismos bomberos quienes realizaron la aprehensi\u00f3n ciudadana. Intervinieron luego DPU, Comando Patrulla y Prefectura.<\/p>\n\n\n\n<p>Los detenidos tienen 37 y 41 a\u00f1os de edad.<\/p>\n\n\n\n<p>Fuente: <a href=\"https:\/\/www.enlacecritico.com\/destacados\/detuvieron-a-delincuentes-que-robaban-en-el-hangar-de-bomberos-voluntarios-de-zarate\/\">Enlace Critico<\/a><\/p>\n","protected":false},"excerpt":{"rendered":"<p>A finales de Enero te cont\u00e1bamos que la delincuencia volv\u00eda a afectar a Bomberos Voluntarios de Z\u00e1rate con el robo en el hangar que poseen en Ruta N\u00b0 9. \u00abEst\u00e1bamos armando un centro de entrenamiento para bomberos; ya ten\u00edamos las donaciones para la instalaci\u00f3n de los contenedores y todo lo que hac\u00eda falta. Los ba\u00f1os [&hellip;]<\/p>\n","protected":false},"author":4,"featured_media":91031,"comment_status":"open","ping_status":"closed","sticky":false,"template":"","format":"standard","meta":{"om_disable_all_campaigns":false,"_jetpack_memberships_contains_paid_content":false,"footnotes":""},"categories":[621],"tags":[],"class_list":["post-91030","post","type-post","status-publish","format-standard","has-post-thumbnail","hentry","category-regionales"],"aioseo_notices":[],"gutentor_comment":0,"jetpack_featured_media_url":"https:\/\/eldiariodesanpedro.com.ar\/sitio\/wp-content\/uploads\/2021\/04\/Robo.jpg","jetpack_shortlink":"https:\/\/wp.me\/p6RhLt-nGe","jetpack_sharing_enabled":true,"_links":{"self":[{"href":"https:\/\/eldiariodesanpedro.com.ar\/sitio\/wp-json\/wp\/v2\/posts\/91030","targetHints":{"allow":["GET"]}}],"collection":[{"href":"https:\/\/eldiariodesanpedro.com.ar\/sitio\/wp-json\/wp\/v2\/posts"}],"about":[{"href":"https:\/\/eldiariodesanpedro.com.ar\/sitio\/wp-json\/wp\/v2\/types\/post"}],"author":[{"embeddable":true,"href":"https:\/\/eldiariodesanpedro.com.ar\/sitio\/wp-json\/wp\/v2\/users\/4"}],"replies":[{"embeddable":true,"href":"https:\/\/eldiariodesanpedro.com.ar\/sitio\/wp-json\/wp\/v2\/comments?post=91030"}],"version-history":[{"count":1,"href":"https:\/\/eldiariodesanpedro.com.ar\/sitio\/wp-json\/wp\/v2\/posts\/91030\/revisions"}],"predecessor-version":[{"id":91032,"href":"https:\/\/eldiariodesanpedro.com.ar\/sitio\/wp-json\/wp\/v2\/posts\/91030\/revisions\/91032"}],"wp:featuredmedia":[{"embeddable":true,"href":"https:\/\/eldiariodesanpedro.com.ar\/sitio\/wp-json\/wp\/v2\/media\/91031"}],"wp:attachment":[{"href":"https:\/\/eldiariodesanpedro.com.ar\/sitio\/wp-json\/wp\/v2\/media?parent=91030"}],"wp:term":[{"taxonomy":"category","embeddable":true,"href":"https:\/\/eldiariodesanpedro.com.ar\/sitio\/wp-json\/wp\/v2\/categories?post=91030"},{"taxonomy":"post_tag","embeddable":true,"href":"https:\/\/eldiariodesanpedro.com.ar\/sitio\/wp-json\/wp\/v2\/tags?post=91030"}],"curies":[{"name":"wp","href":"https:\/\/api.w.org\/{rel}","templated":true}]}}