{"id":91027,"date":"2021-04-18T21:07:50","date_gmt":"2021-04-19T00:07:50","guid":{"rendered":"https:\/\/eldiariodesanpedro.com.ar\/sitio\/?p=91027"},"modified":"2021-04-18T21:07:55","modified_gmt":"2021-04-19T00:07:55","slug":"zarate-hay-una-denuncia-por-dia-en-zarate-de-abuso-sexual-infantil-aseguraron-desde-el-movimiento-yo-si-te-creo","status":"publish","type":"post","link":"https:\/\/eldiariodesanpedro.com.ar\/sitio\/zarate-hay-una-denuncia-por-dia-en-zarate-de-abuso-sexual-infantil-aseguraron-desde-el-movimiento-yo-si-te-creo\/","title":{"rendered":"ZARATE | \u201cHay una denuncia por d\u00eda en Z\u00e1rate de abuso sexual infantil\u201d aseguraron desde el movimiento Yo S\u00ed Te Creo"},"content":{"rendered":"<!-- VideographyWP Plugin Message: Automatic video embedding prevented by plugin options. -->\n\n<p><strong>El viernes pasado el movimiento \u201cYo S\u00ed Te Creo\u201d produjo una jornada de concientizaci\u00f3n y visibilizaci\u00f3n sobre el abuso sexual infantil.<\/strong><\/p>\n\n\n\n<p>El mismo fue reproducido a nivel nacional y tambi\u00e9n tuvo su alcance en Z\u00e1rate. Dos representantes del movimiento a nivel local, qui\u00e9nes solicitaron no mencionar sus nombres dado que \u201calgunos de los abusadores est\u00e1n sueltos y son bastantes agresivos\u201d, relataron cu\u00e1les fueron los puntos clave que decidieron abordar, destacando la pronta \u201cresoluci\u00f3n de las causas, exigir fechas de pericias y turnos para C\u00e1mara Gesell y tambi\u00e9n minimizar los procesos burocr\u00e1ticos\u201d. Y resaltaron su preocupaci\u00f3n debido a que \u201cno queremos que con la segunda ola las causas se vuelvan a estancar\u201d apelando a que debe buscarse \u201cla manera de entrevistar a los pap\u00e1s y mam\u00e1s, hacer pericias y dem\u00e1s as\u00ed sea de manera virtual\u201d.<\/p>\n\n\n\n<p>\u201cEstamos luchando contra el abuso sexual en las infancias\u201d indic\u00f3, estableciendo la causa que impuls\u00f3 a un grupo de mam\u00e1s a manifestarse el 19 de noviembre del 2020 en el marco del D\u00eda Mundial del Abuso Infantil. \u201cHicimos una jornada de concientizaci\u00f3n y visibilizaci\u00f3n frente a la fiscal\u00eda\u201d expres\u00f3 \u201cy a ra\u00edz de eso se sumaron muchos casos\u201d. Plante\u00f3 que \u201cnosotras somos mam\u00e1s que llevamos un proceso judicial en curso\u201d y detall\u00f3 que \u201cen el caso de (una de las entrevistadas) el abusador que denunci\u00f3 ya est\u00e1 preso desde febrero de este a\u00f1o, despu\u00e9s de una lucha de 7 a\u00f1os\u201d. Y su compa\u00f1era, miembro de la asociaci\u00f3n cont\u00f3 que \u201cen mi caso estoy esperando la elevaci\u00f3n a juicio luego de la C\u00e1mara Gesell&nbsp;en marzo\u201d.<\/p>\n\n\n\n<p>\u201cEn la agrupaci\u00f3n hay un total de 20 causas de mam\u00e1s que se animaron a hablar y se acercaron, cada una est\u00e1 en una etapa diferente\u201d incluy\u00f3, disponiendo la magnitud del compromiso que tiene cada una de los miembros por generar herramientas que permitan agilizar los procesos judiciales. \u201cLo que estamos haciendo desde noviembre a trav\u00e9s de marchas y redes sociales es tratar de visibilizar la problem\u00e1tica que estamos teniendo en la ciudad\u201d y especific\u00f3 que \u201chay una denuncia por d\u00eda en Z\u00e1rate de abuso\u201d.<\/p>\n\n\n\n<p>En cuanto a la pandemia \u201csabemos que se incrementaron los casos porque muchos ni\u00f1os quedaron aislados con su abusador en la casa y sin la herramienta del jard\u00edn o la escuela que es importante para poder detectar estos casos\u201d. Insisti\u00f3 en que \u201ctenemos causas con denuncias de m\u00e1s de 2 a\u00f1os que siguen en la misma etapa\u201d.<br>Por \u00faltimo, consider\u00f3 con suma convicci\u00f3n que \u201chablar de abuso sexual es la \u00fanica forma de prevenir\u201d y que la b\u00fasqueda est\u00e1 en \u201capuntar a la educaci\u00f3n sexual integral desde el jard\u00edn, buscar que los establecimientos se comprometan en dar la materia\u201d y lament\u00f3 haber detectado que \u201cen la pandemia la Educaci\u00f3n Sexual Integral (ESI) no fue dada como correspond\u00eda\u201d.<\/p>\n\n\n\n<p>Fuente: <a href=\"https:\/\/impactolocal.com.ar\/2021\/04\/18\/hay-una-denuncia-por-dia-en-zarate-de-abuso-sexual-infantil-aseguraron-desde-el-movimiento-yo-si-te-creo\/\">Impacto Local<\/a><\/p>\n","protected":false},"excerpt":{"rendered":"<p>El viernes pasado el movimiento \u201cYo S\u00ed Te Creo\u201d produjo una jornada de concientizaci\u00f3n y visibilizaci\u00f3n sobre el abuso sexual infantil. El mismo fue reproducido a nivel nacional y tambi\u00e9n tuvo su alcance en Z\u00e1rate. Dos representantes del movimiento a nivel local, qui\u00e9nes solicitaron no mencionar sus nombres dado que \u201calgunos de los abusadores est\u00e1n [&hellip;]<\/p>\n","protected":false},"author":4,"featured_media":91028,"comment_status":"open","ping_status":"closed","sticky":false,"template":"","format":"standard","meta":{"om_disable_all_campaigns":false,"_jetpack_memberships_contains_paid_content":false,"footnotes":""},"categories":[621],"tags":[],"class_list":["post-91027","post","type-post","status-publish","format-standard","has-post-thumbnail","hentry","category-regionales"],"aioseo_notices":[],"gutentor_comment":0,"jetpack_featured_media_url":"https:\/\/eldiariodesanpedro.com.ar\/sitio\/wp-content\/uploads\/2021\/04\/yo-si-te-creo-ok.jpg","jetpack_shortlink":"https:\/\/wp.me\/p6RhLt-nGb","jetpack_sharing_enabled":true,"_links":{"self":[{"href":"https:\/\/eldiariodesanpedro.com.ar\/sitio\/wp-json\/wp\/v2\/posts\/91027","targetHints":{"allow":["GET"]}}],"collection":[{"href":"https:\/\/eldiariodesanpedro.com.ar\/sitio\/wp-json\/wp\/v2\/posts"}],"about":[{"href":"https:\/\/eldiariodesanpedro.com.ar\/sitio\/wp-json\/wp\/v2\/types\/post"}],"author":[{"embeddable":true,"href":"https:\/\/eldiariodesanpedro.com.ar\/sitio\/wp-json\/wp\/v2\/users\/4"}],"replies":[{"embeddable":true,"href":"https:\/\/eldiariodesanpedro.com.ar\/sitio\/wp-json\/wp\/v2\/comments?post=91027"}],"version-history":[{"count":1,"href":"https:\/\/eldiariodesanpedro.com.ar\/sitio\/wp-json\/wp\/v2\/posts\/91027\/revisions"}],"predecessor-version":[{"id":91029,"href":"https:\/\/eldiariodesanpedro.com.ar\/sitio\/wp-json\/wp\/v2\/posts\/91027\/revisions\/91029"}],"wp:featuredmedia":[{"embeddable":true,"href":"https:\/\/eldiariodesanpedro.com.ar\/sitio\/wp-json\/wp\/v2\/media\/91028"}],"wp:attachment":[{"href":"https:\/\/eldiariodesanpedro.com.ar\/sitio\/wp-json\/wp\/v2\/media?parent=91027"}],"wp:term":[{"taxonomy":"category","embeddable":true,"href":"https:\/\/eldiariodesanpedro.com.ar\/sitio\/wp-json\/wp\/v2\/categories?post=91027"},{"taxonomy":"post_tag","embeddable":true,"href":"https:\/\/eldiariodesanpedro.com.ar\/sitio\/wp-json\/wp\/v2\/tags?post=91027"}],"curies":[{"name":"wp","href":"https:\/\/api.w.org\/{rel}","templated":true}]}}