{"id":91024,"date":"2021-04-18T21:04:39","date_gmt":"2021-04-19T00:04:39","guid":{"rendered":"https:\/\/eldiariodesanpedro.com.ar\/sitio\/?p=91024"},"modified":"2021-04-18T21:04:44","modified_gmt":"2021-04-19T00:04:44","slug":"arrecifes-por-falta-de-camas-en-escobar-derivan-pacientes-a-nuestra-region-sanitaria","status":"publish","type":"post","link":"https:\/\/eldiariodesanpedro.com.ar\/sitio\/arrecifes-por-falta-de-camas-en-escobar-derivan-pacientes-a-nuestra-region-sanitaria\/","title":{"rendered":"ARRECIFES | Por falta de camas en Escobar, derivan pacientes a nuestra Regi\u00f3n Sanitaria"},"content":{"rendered":"<!-- VideographyWP Plugin Message: Automatic video embedding prevented by plugin options. -->\n\n<p><strong>Este viernes la Municipalidad de Arrecifes inform\u00f3 que el Hospital Santa Francisca recibi\u00f3 un paciente de Pergamino con Covid. En realidad se trat\u00f3 de una confusi\u00f3n, porque no es pergaminense sino oriundo de Tigre, derivado desde Escobar.<\/strong><\/p>\n\n\n\n<p>As\u00ed lo aclar\u00f3 el medio&nbsp;<strong>Primera Plana<\/strong>&nbsp;de Pergamino, que al conocer la noticia difundida por Diario Noticias se encarg\u00f3 de esclarecer el tema porque suger\u00eda una falta de camas en el Hospital San Jos\u00e9, problema que por el momento no existe:<\/p>\n\n\n\n<p>En la ciudad de Escobar, perteneciente a la Regi\u00f3n Sanitaria V, se vio la necesidad de trasladar por falta de camas a un paciente -como se lo denomina- de piso, con requerimiento solo de ox\u00edgeno. La solicitud se realiz\u00f3 a la Regi\u00f3n Sanitaria IV, con cabecera en Pergamino.<\/p>\n\n\n\n<p>El Sistema Integrado de Emergencias Sanitarias (SIES), integrante de la Unidad de Gesti\u00f3n Centralizada de Camas (UGCC), creado para optimizar el uso de camas cr\u00edticas y agilizar el traslado de pacientes en el territorio bonaerense, tom\u00f3 el caso.<\/p>\n\n\n\n<p>As\u00ed fue que se deriv\u00f3 el paciente a la Regi\u00f3n Sanitaria IV y \u00e9sta dio traslado a uno de los hospitales pertenecientes a la zona que considera con alivio de gesti\u00f3n. Fue por ello que el vecino tigrense fue internado en el Santa Francisca de Arrecifes.<\/p>\n\n\n\n<p>Tambi\u00e9n fueron derivados por falta de camas en otros distritos del tercer cord\u00f3n bonaerense, pacientes a Carmen de Areco y Baradero. Y no se descarta que nuestra ciudad reciba alg\u00fan caso m\u00e1s.<\/p>\n\n\n\n<p>Fuente: <a href=\"https:\/\/arrecifesnoticias.com\/sociedad\/por-falta-de-camas-en-escobar-derivan-pacientes-a-nuestra-region-sanitaria\/\">Arrecifes Noticias<\/a><\/p>\n\n\n\n<p><a rel=\"noreferrer noopener\" href=\"https:\/\/www.facebook.com\/dialog\/send?app_id=140586622674265&amp;link=https%3A%2F%2Farrecifesnoticias.com%2Fsociedad%2Fpor-falta-de-camas-en-escobar-derivan-pacientes-a-nuestra-region-sanitaria%2F&amp;redirect_uri=https%3A%2F%2Farrecifesnoticias.com%2Fsociedad%2Fpor-falta-de-camas-en-escobar-derivan-pacientes-a-nuestra-region-sanitaria%2F\" target=\"_blank\"><\/a><\/p>\n","protected":false},"excerpt":{"rendered":"<p>Este viernes la Municipalidad de Arrecifes inform\u00f3 que el Hospital Santa Francisca recibi\u00f3 un paciente de Pergamino con Covid. En realidad se trat\u00f3 de una confusi\u00f3n, porque no es pergaminense sino oriundo de Tigre, derivado desde Escobar. As\u00ed lo aclar\u00f3 el medio&nbsp;Primera Plana&nbsp;de Pergamino, que al conocer la noticia difundida por Diario Noticias se encarg\u00f3 [&hellip;]<\/p>\n","protected":false},"author":4,"featured_media":91025,"comment_status":"open","ping_status":"closed","sticky":false,"template":"","format":"standard","meta":{"om_disable_all_campaigns":false,"_jetpack_memberships_contains_paid_content":false,"footnotes":""},"categories":[621],"tags":[],"class_list":["post-91024","post","type-post","status-publish","format-standard","has-post-thumbnail","hentry","category-regionales"],"aioseo_notices":[],"gutentor_comment":0,"jetpack_featured_media_url":"https:\/\/eldiariodesanpedro.com.ar\/sitio\/wp-content\/uploads\/2021\/04\/Hospital-Arrecifes-729x510-1.jpg","jetpack_shortlink":"https:\/\/wp.me\/p6RhLt-nG8","jetpack_sharing_enabled":true,"_links":{"self":[{"href":"https:\/\/eldiariodesanpedro.com.ar\/sitio\/wp-json\/wp\/v2\/posts\/91024","targetHints":{"allow":["GET"]}}],"collection":[{"href":"https:\/\/eldiariodesanpedro.com.ar\/sitio\/wp-json\/wp\/v2\/posts"}],"about":[{"href":"https:\/\/eldiariodesanpedro.com.ar\/sitio\/wp-json\/wp\/v2\/types\/post"}],"author":[{"embeddable":true,"href":"https:\/\/eldiariodesanpedro.com.ar\/sitio\/wp-json\/wp\/v2\/users\/4"}],"replies":[{"embeddable":true,"href":"https:\/\/eldiariodesanpedro.com.ar\/sitio\/wp-json\/wp\/v2\/comments?post=91024"}],"version-history":[{"count":1,"href":"https:\/\/eldiariodesanpedro.com.ar\/sitio\/wp-json\/wp\/v2\/posts\/91024\/revisions"}],"predecessor-version":[{"id":91026,"href":"https:\/\/eldiariodesanpedro.com.ar\/sitio\/wp-json\/wp\/v2\/posts\/91024\/revisions\/91026"}],"wp:featuredmedia":[{"embeddable":true,"href":"https:\/\/eldiariodesanpedro.com.ar\/sitio\/wp-json\/wp\/v2\/media\/91025"}],"wp:attachment":[{"href":"https:\/\/eldiariodesanpedro.com.ar\/sitio\/wp-json\/wp\/v2\/media?parent=91024"}],"wp:term":[{"taxonomy":"category","embeddable":true,"href":"https:\/\/eldiariodesanpedro.com.ar\/sitio\/wp-json\/wp\/v2\/categories?post=91024"},{"taxonomy":"post_tag","embeddable":true,"href":"https:\/\/eldiariodesanpedro.com.ar\/sitio\/wp-json\/wp\/v2\/tags?post=91024"}],"curies":[{"name":"wp","href":"https:\/\/api.w.org\/{rel}","templated":true}]}}