{"id":91022,"date":"2021-04-18T20:52:12","date_gmt":"2021-04-18T23:52:12","guid":{"rendered":"https:\/\/eldiariodesanpedro.com.ar\/sitio\/?p=91022"},"modified":"2021-04-18T20:52:16","modified_gmt":"2021-04-18T23:52:16","slug":"clausuran-fiesta-clandestina-en-la-tarde-de-hoy-en-un-campo","status":"publish","type":"post","link":"https:\/\/eldiariodesanpedro.com.ar\/sitio\/clausuran-fiesta-clandestina-en-la-tarde-de-hoy-en-un-campo\/","title":{"rendered":"Clausuran fiesta clandestina en la tarde de hoy en un campo"},"content":{"rendered":"<!-- VideographyWP Plugin Message: Automatic video embedding prevented by plugin options. -->\n\n<p>En la jornada de hoy la polic\u00eda de nuestra ciudad realiza la clausura de una fiesta clandestina que se llevaba a cabo en una quinta.<\/p>\n\n\n\n<p>Los m\u00f3viles policiales se hicieron presentes en un campo ubicado en n Lucio Mancilla al 4000 donde se disperso a alrededor de 50 personas que se encontraban incumpliendo el DNU dictado por el presidente de la nacion.<\/p>\n\n\n\n<p>El organizado un ciudadano de 39 a\u00f1os de edad fue informado por la causa de violaci\u00f3n al articulo 205 siendo informado la Juzgado Federal de San Nicol\u00e1s.<\/p>\n","protected":false},"excerpt":{"rendered":"<p>En la jornada de hoy la polic\u00eda de nuestra ciudad realiza la clausura de una fiesta clandestina que se llevaba a cabo en una quinta. Los m\u00f3viles policiales se hicieron presentes en un campo ubicado en n Lucio Mancilla al 4000 donde se disperso a alrededor de 50 personas que se encontraban incumpliendo el DNU [&hellip;]<\/p>\n","protected":false},"author":4,"featured_media":66586,"comment_status":"open","ping_status":"closed","sticky":false,"template":"","format":"standard","meta":{"om_disable_all_campaigns":false,"_jetpack_memberships_contains_paid_content":false,"footnotes":""},"categories":[2,103],"tags":[],"class_list":["post-91022","post","type-post","status-publish","format-standard","has-post-thumbnail","hentry","category-locales","category-policiales-locales"],"aioseo_notices":[],"gutentor_comment":0,"jetpack_featured_media_url":"https:\/\/eldiariodesanpedro.com.ar\/sitio\/wp-content\/uploads\/2020\/01\/patrulla-rural.jpg","jetpack_shortlink":"https:\/\/wp.me\/p6RhLt-nG6","jetpack_sharing_enabled":true,"_links":{"self":[{"href":"https:\/\/eldiariodesanpedro.com.ar\/sitio\/wp-json\/wp\/v2\/posts\/91022","targetHints":{"allow":["GET"]}}],"collection":[{"href":"https:\/\/eldiariodesanpedro.com.ar\/sitio\/wp-json\/wp\/v2\/posts"}],"about":[{"href":"https:\/\/eldiariodesanpedro.com.ar\/sitio\/wp-json\/wp\/v2\/types\/post"}],"author":[{"embeddable":true,"href":"https:\/\/eldiariodesanpedro.com.ar\/sitio\/wp-json\/wp\/v2\/users\/4"}],"replies":[{"embeddable":true,"href":"https:\/\/eldiariodesanpedro.com.ar\/sitio\/wp-json\/wp\/v2\/comments?post=91022"}],"version-history":[{"count":1,"href":"https:\/\/eldiariodesanpedro.com.ar\/sitio\/wp-json\/wp\/v2\/posts\/91022\/revisions"}],"predecessor-version":[{"id":91023,"href":"https:\/\/eldiariodesanpedro.com.ar\/sitio\/wp-json\/wp\/v2\/posts\/91022\/revisions\/91023"}],"wp:featuredmedia":[{"embeddable":true,"href":"https:\/\/eldiariodesanpedro.com.ar\/sitio\/wp-json\/wp\/v2\/media\/66586"}],"wp:attachment":[{"href":"https:\/\/eldiariodesanpedro.com.ar\/sitio\/wp-json\/wp\/v2\/media?parent=91022"}],"wp:term":[{"taxonomy":"category","embeddable":true,"href":"https:\/\/eldiariodesanpedro.com.ar\/sitio\/wp-json\/wp\/v2\/categories?post=91022"},{"taxonomy":"post_tag","embeddable":true,"href":"https:\/\/eldiariodesanpedro.com.ar\/sitio\/wp-json\/wp\/v2\/tags?post=91022"}],"curies":[{"name":"wp","href":"https:\/\/api.w.org\/{rel}","templated":true}]}}