{"id":91020,"date":"2021-04-18T20:29:01","date_gmt":"2021-04-18T23:29:01","guid":{"rendered":"https:\/\/eldiariodesanpedro.com.ar\/sitio\/?p=91020"},"modified":"2021-04-18T20:29:07","modified_gmt":"2021-04-18T23:29:07","slug":"motociclista-en-estado-critico-tras-impactar-contra-un-colectivo-estacionado","status":"publish","type":"post","link":"https:\/\/eldiariodesanpedro.com.ar\/sitio\/motociclista-en-estado-critico-tras-impactar-contra-un-colectivo-estacionado\/","title":{"rendered":"Motociclista en estado critico tras impactar contra un colectivo estacionado"},"content":{"rendered":"<!-- VideographyWP Plugin Message: Automatic video embedding prevented by plugin options. -->\n\n<p>En la jornada del s\u00e1bado a la noche se registr\u00f3 un accidente de tr\u00e1nsito en donde un motociclista impact\u00f3 contra un colectivo estacionado.<\/p>\n\n\n\n<p>El siniestro tuvo lugar en la noche del s\u00e1bado en la esquina de 25 de Mayo y Belgrano donde un ciudadano de 40 a\u00f1os que circulaba en motocicleta choc\u00f3 desde atr\u00e1s a un colectivo que se encontraba estacionado correctamente.<\/p>\n\n\n\n<p>El conductor del moto rodado&nbsp; fue trasladado al nosocomio local por el servicio del SAME y tras estudios m\u00e9dicos se comprob\u00f3 que sufri\u00f3 lesiones traumatismo de cr\u00e1neo con p\u00e9rdida de conocimiento, lesiones en cuero cabelludo y rostro, estado reservado.<\/p>\n","protected":false},"excerpt":{"rendered":"<p>En la jornada del s\u00e1bado a la noche se registr\u00f3 un accidente de tr\u00e1nsito en donde un motociclista impact\u00f3 contra un colectivo estacionado. El siniestro tuvo lugar en la noche del s\u00e1bado en la esquina de 25 de Mayo y Belgrano donde un ciudadano de 40 a\u00f1os que circulaba en motocicleta choc\u00f3 desde atr\u00e1s a [&hellip;]<\/p>\n","protected":false},"author":4,"featured_media":67073,"comment_status":"open","ping_status":"closed","sticky":false,"template":"","format":"standard","meta":{"om_disable_all_campaigns":false,"_jetpack_memberships_contains_paid_content":false,"footnotes":""},"categories":[50,2,103],"tags":[],"class_list":["post-91020","post","type-post","status-publish","format-standard","has-post-thumbnail","hentry","category-destacadas","category-locales","category-policiales-locales"],"aioseo_notices":[],"gutentor_comment":0,"jetpack_featured_media_url":"https:\/\/eldiariodesanpedro.com.ar\/sitio\/wp-content\/uploads\/2020\/01\/guardia_nueva.jpg","jetpack_shortlink":"https:\/\/wp.me\/p6RhLt-nG4","jetpack_sharing_enabled":true,"_links":{"self":[{"href":"https:\/\/eldiariodesanpedro.com.ar\/sitio\/wp-json\/wp\/v2\/posts\/91020","targetHints":{"allow":["GET"]}}],"collection":[{"href":"https:\/\/eldiariodesanpedro.com.ar\/sitio\/wp-json\/wp\/v2\/posts"}],"about":[{"href":"https:\/\/eldiariodesanpedro.com.ar\/sitio\/wp-json\/wp\/v2\/types\/post"}],"author":[{"embeddable":true,"href":"https:\/\/eldiariodesanpedro.com.ar\/sitio\/wp-json\/wp\/v2\/users\/4"}],"replies":[{"embeddable":true,"href":"https:\/\/eldiariodesanpedro.com.ar\/sitio\/wp-json\/wp\/v2\/comments?post=91020"}],"version-history":[{"count":1,"href":"https:\/\/eldiariodesanpedro.com.ar\/sitio\/wp-json\/wp\/v2\/posts\/91020\/revisions"}],"predecessor-version":[{"id":91021,"href":"https:\/\/eldiariodesanpedro.com.ar\/sitio\/wp-json\/wp\/v2\/posts\/91020\/revisions\/91021"}],"wp:featuredmedia":[{"embeddable":true,"href":"https:\/\/eldiariodesanpedro.com.ar\/sitio\/wp-json\/wp\/v2\/media\/67073"}],"wp:attachment":[{"href":"https:\/\/eldiariodesanpedro.com.ar\/sitio\/wp-json\/wp\/v2\/media?parent=91020"}],"wp:term":[{"taxonomy":"category","embeddable":true,"href":"https:\/\/eldiariodesanpedro.com.ar\/sitio\/wp-json\/wp\/v2\/categories?post=91020"},{"taxonomy":"post_tag","embeddable":true,"href":"https:\/\/eldiariodesanpedro.com.ar\/sitio\/wp-json\/wp\/v2\/tags?post=91020"}],"curies":[{"name":"wp","href":"https:\/\/api.w.org\/{rel}","templated":true}]}}