{"id":91018,"date":"2021-04-18T19:25:41","date_gmt":"2021-04-18T22:25:41","guid":{"rendered":"https:\/\/eldiariodesanpedro.com.ar\/sitio\/?p=91018"},"modified":"2021-04-18T19:25:45","modified_gmt":"2021-04-18T22:25:45","slug":"robaron-un-televisor-cuando-los-propietarios-no-se-encontraban","status":"publish","type":"post","link":"https:\/\/eldiariodesanpedro.com.ar\/sitio\/robaron-un-televisor-cuando-los-propietarios-no-se-encontraban\/","title":{"rendered":"Robaron un televisor cuando los propietarios no se encontraban"},"content":{"rendered":"<!-- VideographyWP Plugin Message: Automatic video embedding prevented by plugin options. -->\n\n<p>En la jornada del s\u00e1bado un ciudadano de nuestra ciudad se acerc\u00f3 hasta la comisar\u00eda local para realizar la denuncia de la sustracci\u00f3n de un televisor por parte de delincuentes.<\/p>\n\n\n\n<p>El hecho fue denunciado por el propietarios de la vivienda un hombre de 65 a\u00f1os de edad que al momento de no encontrarse en el lugar delincuentes ignorados ingresaron da\u00f1ando la puerta de entrada principal sustrayendo un televisor de led de 32 pulgadas marca JVC.<\/p>\n\n\n\n<p>En el lugar se hizo presente polic\u00eda cient\u00edfica y se realiz\u00f3 la correspondiente denuncia.<\/p>\n","protected":false},"excerpt":{"rendered":"<p>En la jornada del s\u00e1bado un ciudadano de nuestra ciudad se acerc\u00f3 hasta la comisar\u00eda local para realizar la denuncia de la sustracci\u00f3n de un televisor por parte de delincuentes. El hecho fue denunciado por el propietarios de la vivienda un hombre de 65 a\u00f1os de edad que al momento de no encontrarse en el [&hellip;]<\/p>\n","protected":false},"author":4,"featured_media":77561,"comment_status":"open","ping_status":"closed","sticky":false,"template":"","format":"standard","meta":{"om_disable_all_campaigns":false,"_jetpack_memberships_contains_paid_content":false,"footnotes":""},"categories":[2,103],"tags":[],"class_list":["post-91018","post","type-post","status-publish","format-standard","has-post-thumbnail","hentry","category-locales","category-policiales-locales"],"aioseo_notices":[],"gutentor_comment":0,"jetpack_featured_media_url":"https:\/\/eldiariodesanpedro.com.ar\/sitio\/wp-content\/uploads\/2020\/07\/20200709072134.jpg","jetpack_shortlink":"https:\/\/wp.me\/p6RhLt-nG2","jetpack_sharing_enabled":true,"_links":{"self":[{"href":"https:\/\/eldiariodesanpedro.com.ar\/sitio\/wp-json\/wp\/v2\/posts\/91018","targetHints":{"allow":["GET"]}}],"collection":[{"href":"https:\/\/eldiariodesanpedro.com.ar\/sitio\/wp-json\/wp\/v2\/posts"}],"about":[{"href":"https:\/\/eldiariodesanpedro.com.ar\/sitio\/wp-json\/wp\/v2\/types\/post"}],"author":[{"embeddable":true,"href":"https:\/\/eldiariodesanpedro.com.ar\/sitio\/wp-json\/wp\/v2\/users\/4"}],"replies":[{"embeddable":true,"href":"https:\/\/eldiariodesanpedro.com.ar\/sitio\/wp-json\/wp\/v2\/comments?post=91018"}],"version-history":[{"count":1,"href":"https:\/\/eldiariodesanpedro.com.ar\/sitio\/wp-json\/wp\/v2\/posts\/91018\/revisions"}],"predecessor-version":[{"id":91019,"href":"https:\/\/eldiariodesanpedro.com.ar\/sitio\/wp-json\/wp\/v2\/posts\/91018\/revisions\/91019"}],"wp:featuredmedia":[{"embeddable":true,"href":"https:\/\/eldiariodesanpedro.com.ar\/sitio\/wp-json\/wp\/v2\/media\/77561"}],"wp:attachment":[{"href":"https:\/\/eldiariodesanpedro.com.ar\/sitio\/wp-json\/wp\/v2\/media?parent=91018"}],"wp:term":[{"taxonomy":"category","embeddable":true,"href":"https:\/\/eldiariodesanpedro.com.ar\/sitio\/wp-json\/wp\/v2\/categories?post=91018"},{"taxonomy":"post_tag","embeddable":true,"href":"https:\/\/eldiariodesanpedro.com.ar\/sitio\/wp-json\/wp\/v2\/tags?post=91018"}],"curies":[{"name":"wp","href":"https:\/\/api.w.org\/{rel}","templated":true}]}}