{"id":91016,"date":"2021-04-18T19:13:43","date_gmt":"2021-04-18T22:13:43","guid":{"rendered":"https:\/\/eldiariodesanpedro.com.ar\/sitio\/?p=91016"},"modified":"2021-04-18T19:13:47","modified_gmt":"2021-04-18T22:13:47","slug":"conflicto-entre-dos-personas-terminaron-denunciandose-en-el-destacamento-de-santa-lucia","status":"publish","type":"post","link":"https:\/\/eldiariodesanpedro.com.ar\/sitio\/conflicto-entre-dos-personas-terminaron-denunciandose-en-el-destacamento-de-santa-lucia\/","title":{"rendered":"Conflicto entre dos personas terminaron denunci\u00e1ndose en el destacamento de Santa Lucia"},"content":{"rendered":"<!-- VideographyWP Plugin Message: Automatic video embedding prevented by plugin options. -->\n\n<p>En la jornada del s\u00e1bado dos masculinos se acercaron al destacamento de Santa Luc\u00eda donde realizaron una denuncia por un problema de vieja data.<\/p>\n\n\n\n<p>Seg\u00fan declararon los dos j\u00f3venes mayores de edad momentos antes de acercarse hasta la dependencia policial hab\u00edan tenido una discusi\u00f3n en la v\u00eda p\u00fablica y ambos se agredieron verbalmente refiriendo amenazas de muerte.<\/p>\n\n\n\n<p>&nbsp;Ambos declararon amenazas mutuas y de terceros que acompa\u00f1aban a uno de los denunciantes, y se pudo determinar que se tratar\u00eda de un conflicto se data anterior.<\/p>\n","protected":false},"excerpt":{"rendered":"<p>En la jornada del s\u00e1bado dos masculinos se acercaron al destacamento de Santa Luc\u00eda donde realizaron una denuncia por un problema de vieja data. Seg\u00fan declararon los dos j\u00f3venes mayores de edad momentos antes de acercarse hasta la dependencia policial hab\u00edan tenido una discusi\u00f3n en la v\u00eda p\u00fablica y ambos se agredieron verbalmente refiriendo amenazas [&hellip;]<\/p>\n","protected":false},"author":4,"featured_media":67671,"comment_status":"open","ping_status":"closed","sticky":false,"template":"","format":"standard","meta":{"om_disable_all_campaigns":false,"_jetpack_memberships_contains_paid_content":false,"footnotes":""},"categories":[2,103],"tags":[],"class_list":["post-91016","post","type-post","status-publish","format-standard","has-post-thumbnail","hentry","category-locales","category-policiales-locales"],"aioseo_notices":[],"gutentor_comment":0,"jetpack_featured_media_url":"https:\/\/eldiariodesanpedro.com.ar\/sitio\/wp-content\/uploads\/2020\/01\/patrullero-policia-2.jpg","jetpack_shortlink":"https:\/\/wp.me\/p6RhLt-nG0","jetpack_sharing_enabled":true,"_links":{"self":[{"href":"https:\/\/eldiariodesanpedro.com.ar\/sitio\/wp-json\/wp\/v2\/posts\/91016","targetHints":{"allow":["GET"]}}],"collection":[{"href":"https:\/\/eldiariodesanpedro.com.ar\/sitio\/wp-json\/wp\/v2\/posts"}],"about":[{"href":"https:\/\/eldiariodesanpedro.com.ar\/sitio\/wp-json\/wp\/v2\/types\/post"}],"author":[{"embeddable":true,"href":"https:\/\/eldiariodesanpedro.com.ar\/sitio\/wp-json\/wp\/v2\/users\/4"}],"replies":[{"embeddable":true,"href":"https:\/\/eldiariodesanpedro.com.ar\/sitio\/wp-json\/wp\/v2\/comments?post=91016"}],"version-history":[{"count":1,"href":"https:\/\/eldiariodesanpedro.com.ar\/sitio\/wp-json\/wp\/v2\/posts\/91016\/revisions"}],"predecessor-version":[{"id":91017,"href":"https:\/\/eldiariodesanpedro.com.ar\/sitio\/wp-json\/wp\/v2\/posts\/91016\/revisions\/91017"}],"wp:featuredmedia":[{"embeddable":true,"href":"https:\/\/eldiariodesanpedro.com.ar\/sitio\/wp-json\/wp\/v2\/media\/67671"}],"wp:attachment":[{"href":"https:\/\/eldiariodesanpedro.com.ar\/sitio\/wp-json\/wp\/v2\/media?parent=91016"}],"wp:term":[{"taxonomy":"category","embeddable":true,"href":"https:\/\/eldiariodesanpedro.com.ar\/sitio\/wp-json\/wp\/v2\/categories?post=91016"},{"taxonomy":"post_tag","embeddable":true,"href":"https:\/\/eldiariodesanpedro.com.ar\/sitio\/wp-json\/wp\/v2\/tags?post=91016"}],"curies":[{"name":"wp","href":"https:\/\/api.w.org\/{rel}","templated":true}]}}