{"id":91014,"date":"2021-04-18T19:06:54","date_gmt":"2021-04-18T22:06:54","guid":{"rendered":"https:\/\/eldiariodesanpedro.com.ar\/sitio\/?p=91014"},"modified":"2021-04-18T19:06:58","modified_gmt":"2021-04-18T22:06:58","slug":"tres-jovenes-aprehendidos-por-tenencia-de-estupefacientes-de-infimo-pesaje","status":"publish","type":"post","link":"https:\/\/eldiariodesanpedro.com.ar\/sitio\/tres-jovenes-aprehendidos-por-tenencia-de-estupefacientes-de-infimo-pesaje\/","title":{"rendered":"Tres j\u00f3venes aprehendidos por tenencia de estupefacientes de \u00ednfimo pesaje"},"content":{"rendered":"<!-- VideographyWP Plugin Message: Automatic video embedding prevented by plugin options. -->\n\n<p>El personal policial realiz\u00f3 tres procedimientos similares  este s\u00e1bado en los cuales se traslad\u00f3 a sede policial a tres masculinos mayores de edad a quienes se les secuestr\u00f3 en su poder sustancia marihuana \u00ednfimo pesaje.\u00a0<\/p>\n\n\n\n<p>Se labraron actuaciones judiciales con intervenci\u00f3n de la justicia local.<\/p>\n","protected":false},"excerpt":{"rendered":"<p>El personal policial realiz\u00f3 tres procedimientos similares este s\u00e1bado en los cuales se traslad\u00f3 a sede policial a tres masculinos mayores de edad a quienes se les secuestr\u00f3 en su poder sustancia marihuana \u00ednfimo pesaje.\u00a0 Se labraron actuaciones judiciales con intervenci\u00f3n de la justicia local.<\/p>\n","protected":false},"author":4,"featured_media":77561,"comment_status":"open","ping_status":"closed","sticky":false,"template":"","format":"standard","meta":{"om_disable_all_campaigns":false,"_jetpack_memberships_contains_paid_content":false,"footnotes":""},"categories":[2,103],"tags":[],"class_list":["post-91014","post","type-post","status-publish","format-standard","has-post-thumbnail","hentry","category-locales","category-policiales-locales"],"aioseo_notices":[],"gutentor_comment":0,"jetpack_featured_media_url":"https:\/\/eldiariodesanpedro.com.ar\/sitio\/wp-content\/uploads\/2020\/07\/20200709072134.jpg","jetpack_shortlink":"https:\/\/wp.me\/p6RhLt-nFY","jetpack_sharing_enabled":true,"_links":{"self":[{"href":"https:\/\/eldiariodesanpedro.com.ar\/sitio\/wp-json\/wp\/v2\/posts\/91014","targetHints":{"allow":["GET"]}}],"collection":[{"href":"https:\/\/eldiariodesanpedro.com.ar\/sitio\/wp-json\/wp\/v2\/posts"}],"about":[{"href":"https:\/\/eldiariodesanpedro.com.ar\/sitio\/wp-json\/wp\/v2\/types\/post"}],"author":[{"embeddable":true,"href":"https:\/\/eldiariodesanpedro.com.ar\/sitio\/wp-json\/wp\/v2\/users\/4"}],"replies":[{"embeddable":true,"href":"https:\/\/eldiariodesanpedro.com.ar\/sitio\/wp-json\/wp\/v2\/comments?post=91014"}],"version-history":[{"count":1,"href":"https:\/\/eldiariodesanpedro.com.ar\/sitio\/wp-json\/wp\/v2\/posts\/91014\/revisions"}],"predecessor-version":[{"id":91015,"href":"https:\/\/eldiariodesanpedro.com.ar\/sitio\/wp-json\/wp\/v2\/posts\/91014\/revisions\/91015"}],"wp:featuredmedia":[{"embeddable":true,"href":"https:\/\/eldiariodesanpedro.com.ar\/sitio\/wp-json\/wp\/v2\/media\/77561"}],"wp:attachment":[{"href":"https:\/\/eldiariodesanpedro.com.ar\/sitio\/wp-json\/wp\/v2\/media?parent=91014"}],"wp:term":[{"taxonomy":"category","embeddable":true,"href":"https:\/\/eldiariodesanpedro.com.ar\/sitio\/wp-json\/wp\/v2\/categories?post=91014"},{"taxonomy":"post_tag","embeddable":true,"href":"https:\/\/eldiariodesanpedro.com.ar\/sitio\/wp-json\/wp\/v2\/tags?post=91014"}],"curies":[{"name":"wp","href":"https:\/\/api.w.org\/{rel}","templated":true}]}}