{"id":91012,"date":"2021-04-18T19:03:02","date_gmt":"2021-04-18T22:03:02","guid":{"rendered":"https:\/\/eldiariodesanpedro.com.ar\/sitio\/?p=91012"},"modified":"2021-04-18T19:03:06","modified_gmt":"2021-04-18T22:03:06","slug":"tres-aprehendidos-con-arma-blancas-en-la-via-publica","status":"publish","type":"post","link":"https:\/\/eldiariodesanpedro.com.ar\/sitio\/tres-aprehendidos-con-arma-blancas-en-la-via-publica\/","title":{"rendered":"Tres aprehendidos con arma blancas en la v\u00eda p\u00fablica"},"content":{"rendered":"<!-- VideographyWP Plugin Message: Automatic video embedding prevented by plugin options. -->\n\n<p>El s\u00e1bado durante toda la jornada la polic\u00eda realiz\u00f3 diferentes operativos din\u00e1micos en la v\u00eda p\u00fablica donde se secuestraron armas blancas y se aprehendieron a varias personas.<\/p>\n\n\n\n<p>La polic\u00eda de la comisar\u00eda local llev\u00f3 a cabo tres procedimientos similares donde aprehendi\u00f3 a cuatro masculinos mayores de edad a&nbsp; quienes&nbsp; se le secuestr\u00f3 en su poder armas blancas.&nbsp;<\/p>\n\n\n\n<p>Los procedimientos tuvieron lugar en distintos horarios y lugares de la ciudad, se labraron actuaciones contravencionales por infracci\u00f3n al c\u00f3digo de faltas ley 8031 con intervenci\u00f3n del Juzgado de Paz Local.<\/p>\n","protected":false},"excerpt":{"rendered":"<p>El s\u00e1bado durante toda la jornada la polic\u00eda realiz\u00f3 diferentes operativos din\u00e1micos en la v\u00eda p\u00fablica donde se secuestraron armas blancas y se aprehendieron a varias personas. La polic\u00eda de la comisar\u00eda local llev\u00f3 a cabo tres procedimientos similares donde aprehendi\u00f3 a cuatro masculinos mayores de edad a&nbsp; quienes&nbsp; se le secuestr\u00f3 en su poder [&hellip;]<\/p>\n","protected":false},"author":4,"featured_media":90679,"comment_status":"open","ping_status":"closed","sticky":false,"template":"","format":"standard","meta":{"om_disable_all_campaigns":false,"_jetpack_memberships_contains_paid_content":false,"footnotes":""},"categories":[2,103],"tags":[],"class_list":["post-91012","post","type-post","status-publish","format-standard","has-post-thumbnail","hentry","category-locales","category-policiales-locales"],"aioseo_notices":[],"gutentor_comment":0,"jetpack_featured_media_url":"https:\/\/eldiariodesanpedro.com.ar\/sitio\/wp-content\/uploads\/2021\/04\/patrullero-noche.jpg","jetpack_shortlink":"https:\/\/wp.me\/p6RhLt-nFW","jetpack_sharing_enabled":true,"_links":{"self":[{"href":"https:\/\/eldiariodesanpedro.com.ar\/sitio\/wp-json\/wp\/v2\/posts\/91012","targetHints":{"allow":["GET"]}}],"collection":[{"href":"https:\/\/eldiariodesanpedro.com.ar\/sitio\/wp-json\/wp\/v2\/posts"}],"about":[{"href":"https:\/\/eldiariodesanpedro.com.ar\/sitio\/wp-json\/wp\/v2\/types\/post"}],"author":[{"embeddable":true,"href":"https:\/\/eldiariodesanpedro.com.ar\/sitio\/wp-json\/wp\/v2\/users\/4"}],"replies":[{"embeddable":true,"href":"https:\/\/eldiariodesanpedro.com.ar\/sitio\/wp-json\/wp\/v2\/comments?post=91012"}],"version-history":[{"count":1,"href":"https:\/\/eldiariodesanpedro.com.ar\/sitio\/wp-json\/wp\/v2\/posts\/91012\/revisions"}],"predecessor-version":[{"id":91013,"href":"https:\/\/eldiariodesanpedro.com.ar\/sitio\/wp-json\/wp\/v2\/posts\/91012\/revisions\/91013"}],"wp:featuredmedia":[{"embeddable":true,"href":"https:\/\/eldiariodesanpedro.com.ar\/sitio\/wp-json\/wp\/v2\/media\/90679"}],"wp:attachment":[{"href":"https:\/\/eldiariodesanpedro.com.ar\/sitio\/wp-json\/wp\/v2\/media?parent=91012"}],"wp:term":[{"taxonomy":"category","embeddable":true,"href":"https:\/\/eldiariodesanpedro.com.ar\/sitio\/wp-json\/wp\/v2\/categories?post=91012"},{"taxonomy":"post_tag","embeddable":true,"href":"https:\/\/eldiariodesanpedro.com.ar\/sitio\/wp-json\/wp\/v2\/tags?post=91012"}],"curies":[{"name":"wp","href":"https:\/\/api.w.org\/{rel}","templated":true}]}}