{"id":91010,"date":"2021-04-18T18:54:00","date_gmt":"2021-04-18T21:54:00","guid":{"rendered":"https:\/\/eldiariodesanpedro.com.ar\/sitio\/?p=91010"},"modified":"2021-04-18T18:54:04","modified_gmt":"2021-04-18T21:54:04","slug":"joven-aprehendido-por-violencia-de-genero-al-provocar-danos-en-la-vivienda-de-su-pareja","status":"publish","type":"post","link":"https:\/\/eldiariodesanpedro.com.ar\/sitio\/joven-aprehendido-por-violencia-de-genero-al-provocar-danos-en-la-vivienda-de-su-pareja\/","title":{"rendered":"Joven aprehendido por violencia de genero al provocar da\u00f1os en la vivienda de su pareja"},"content":{"rendered":"<!-- VideographyWP Plugin Message: Automatic video embedding prevented by plugin options. -->\n\n<p>Este s\u00e1bado por la noche el personal policial alertado por un llamado al 911 acude a una vivienda ubicada en calle Saavedra al 1900, d\u00f3nde&nbsp; aprehenden a masculino 30 a\u00f1os, quien tras mantener discusi\u00f3n con su pareja de 29 a\u00f1os, se torna agresivo da\u00f1ando intencionalmente una abertura de la vivienda.&nbsp;<\/p>\n\n\n\n<p>Afortunadamente la v\u00edctima de violencia de g\u00e9nero result\u00f3 ilesa y fue trasladada a la comisar\u00eda de la Mujer y la Familia donde realiz\u00f3 la correspondiente denuncia.<\/p>\n\n\n\n<p>El joven por su parte fue llevado hasta la comisar\u00eda local donde permanece aprehendido.<\/p>\n","protected":false},"excerpt":{"rendered":"<p>Este s\u00e1bado por la noche el personal policial alertado por un llamado al 911 acude a una vivienda ubicada en calle Saavedra al 1900, d\u00f3nde&nbsp; aprehenden a masculino 30 a\u00f1os, quien tras mantener discusi\u00f3n con su pareja de 29 a\u00f1os, se torna agresivo da\u00f1ando intencionalmente una abertura de la vivienda.&nbsp; Afortunadamente la v\u00edctima de violencia [&hellip;]<\/p>\n","protected":false},"author":4,"featured_media":67079,"comment_status":"open","ping_status":"closed","sticky":false,"template":"","format":"standard","meta":{"om_disable_all_campaigns":false,"_jetpack_memberships_contains_paid_content":false,"footnotes":""},"categories":[2,103],"tags":[],"class_list":["post-91010","post","type-post","status-publish","format-standard","has-post-thumbnail","hentry","category-locales","category-policiales-locales"],"aioseo_notices":[],"gutentor_comment":0,"jetpack_featured_media_url":"https:\/\/eldiariodesanpedro.com.ar\/sitio\/wp-content\/uploads\/2020\/01\/menor-detenido3.jpg","jetpack_shortlink":"https:\/\/wp.me\/p6RhLt-nFU","jetpack_sharing_enabled":true,"_links":{"self":[{"href":"https:\/\/eldiariodesanpedro.com.ar\/sitio\/wp-json\/wp\/v2\/posts\/91010","targetHints":{"allow":["GET"]}}],"collection":[{"href":"https:\/\/eldiariodesanpedro.com.ar\/sitio\/wp-json\/wp\/v2\/posts"}],"about":[{"href":"https:\/\/eldiariodesanpedro.com.ar\/sitio\/wp-json\/wp\/v2\/types\/post"}],"author":[{"embeddable":true,"href":"https:\/\/eldiariodesanpedro.com.ar\/sitio\/wp-json\/wp\/v2\/users\/4"}],"replies":[{"embeddable":true,"href":"https:\/\/eldiariodesanpedro.com.ar\/sitio\/wp-json\/wp\/v2\/comments?post=91010"}],"version-history":[{"count":1,"href":"https:\/\/eldiariodesanpedro.com.ar\/sitio\/wp-json\/wp\/v2\/posts\/91010\/revisions"}],"predecessor-version":[{"id":91011,"href":"https:\/\/eldiariodesanpedro.com.ar\/sitio\/wp-json\/wp\/v2\/posts\/91010\/revisions\/91011"}],"wp:featuredmedia":[{"embeddable":true,"href":"https:\/\/eldiariodesanpedro.com.ar\/sitio\/wp-json\/wp\/v2\/media\/67079"}],"wp:attachment":[{"href":"https:\/\/eldiariodesanpedro.com.ar\/sitio\/wp-json\/wp\/v2\/media?parent=91010"}],"wp:term":[{"taxonomy":"category","embeddable":true,"href":"https:\/\/eldiariodesanpedro.com.ar\/sitio\/wp-json\/wp\/v2\/categories?post=91010"},{"taxonomy":"post_tag","embeddable":true,"href":"https:\/\/eldiariodesanpedro.com.ar\/sitio\/wp-json\/wp\/v2\/tags?post=91010"}],"curies":[{"name":"wp","href":"https:\/\/api.w.org\/{rel}","templated":true}]}}