{"id":91008,"date":"2021-04-18T18:41:09","date_gmt":"2021-04-18T21:41:09","guid":{"rendered":"https:\/\/eldiariodesanpedro.com.ar\/sitio\/?p=91008"},"modified":"2021-04-18T18:41:15","modified_gmt":"2021-04-18T21:41:15","slug":"coronavirus-se-recibieron-76-negativos-y-36-positivos-los-activos-son-184","status":"publish","type":"post","link":"https:\/\/eldiariodesanpedro.com.ar\/sitio\/coronavirus-se-recibieron-76-negativos-y-36-positivos-los-activos-son-184\/","title":{"rendered":"Coronavirus: Se recibieron 76 negativos y 36 positivos, los activos son 184"},"content":{"rendered":"<!-- VideographyWP Plugin Message: Automatic video embedding prevented by plugin options. -->\n\n<p>La Secretar\u00eda de Salud de la Municipalidad de San Pedro brinda el informe que acompa\u00f1a la placa del d\u00eda de la fecha, en el seguimiento de la Pandemia de Covid-19.<\/p>\n\n\n\n<p>Se recibieron del Laboratorio Central Lab hasta el momento, los resultados del \u00faltimo env\u00edo de muestras, con 76 resultados negativos y 36 nuevos positivos. Quedan pendientes 46 muestras.<\/p>\n\n\n\n<p>Los positivos est\u00e1n divididos en:<\/p>\n\n\n\n<ul class=\"wp-block-list\"><li>16 mujeres de 22(2), 28(2), 29, 30, 32, 33, 39, 43, 46, 52, 56, 61, 72 y 96 a\u00f1os.<\/li><li>20 hombres de 17, 20(2), 25, 29, 32, 35, 40(2), 43, 45, 47, 50, 51, 52, 54, 59(2), 61 y 82 a\u00f1os.<\/li><li>Se incorporan a la estad\u00edstica oficial 14 altas.<\/li><\/ul>\n\n\n\n<p>Resumen actualizado de informaci\u00f3n oficial<\/p>\n\n\n\n<p>Positivos desde el inicio de la Pandemia: 2781<\/p>\n\n\n\n<p>Activos: 184<\/p>\n\n\n\n<p>Recuperados: 2505<\/p>\n\n\n\n<p>Fallecidos: 92<\/p>\n\n\n\n<p>Negativos desde el inicio de la Pandemia: 4426<\/p>\n\n\n\n<p>Los datos consignados en este informe corresponden a casos analizados a trav\u00e9s hisopados realizados en los \u00abconsultorios amarillos\u00bb analizados por el Laboratorio Central Lab y testeos r\u00e1pidos efectuados en el Laboratorio del Hospital.<\/p>\n\n\n\n<p>&#x1f449; Usar tapabocas.<br>&#x1f449; Mantener la distancia m\u00ednima de 2 metros.<br>&#x1f449; Extremar la higiene de los espacios.<br>&#x1f449; Mantener las manos limpias.<\/p>\n\n\n\n<p>Se recuerda que, ante s\u00edntomas de tos seca, fiebre y dolor de garganta se puede llamar al 148 o 107<\/p>\n","protected":false},"excerpt":{"rendered":"<p>La Secretar\u00eda de Salud de la Municipalidad de San Pedro brinda el informe que acompa\u00f1a la placa del d\u00eda de la fecha, en el seguimiento de la Pandemia de Covid-19. Se recibieron del Laboratorio Central Lab hasta el momento, los resultados del \u00faltimo env\u00edo de muestras, con 76 resultados negativos y 36 nuevos positivos. Quedan [&hellip;]<\/p>\n","protected":false},"author":4,"featured_media":77072,"comment_status":"open","ping_status":"closed","sticky":false,"template":"","format":"standard","meta":{"om_disable_all_campaigns":false,"_jetpack_memberships_contains_paid_content":false,"footnotes":""},"categories":[50,101,2],"tags":[],"class_list":["post-91008","post","type-post","status-publish","format-standard","has-post-thumbnail","hentry","category-destacadas","category-interes-general-locales","category-locales"],"aioseo_notices":[],"gutentor_comment":0,"jetpack_featured_media_url":"https:\/\/eldiariodesanpedro.com.ar\/sitio\/wp-content\/uploads\/2020\/07\/test-de-covid-19_1.jpg","jetpack_shortlink":"https:\/\/wp.me\/p6RhLt-nFS","jetpack_sharing_enabled":true,"_links":{"self":[{"href":"https:\/\/eldiariodesanpedro.com.ar\/sitio\/wp-json\/wp\/v2\/posts\/91008","targetHints":{"allow":["GET"]}}],"collection":[{"href":"https:\/\/eldiariodesanpedro.com.ar\/sitio\/wp-json\/wp\/v2\/posts"}],"about":[{"href":"https:\/\/eldiariodesanpedro.com.ar\/sitio\/wp-json\/wp\/v2\/types\/post"}],"author":[{"embeddable":true,"href":"https:\/\/eldiariodesanpedro.com.ar\/sitio\/wp-json\/wp\/v2\/users\/4"}],"replies":[{"embeddable":true,"href":"https:\/\/eldiariodesanpedro.com.ar\/sitio\/wp-json\/wp\/v2\/comments?post=91008"}],"version-history":[{"count":1,"href":"https:\/\/eldiariodesanpedro.com.ar\/sitio\/wp-json\/wp\/v2\/posts\/91008\/revisions"}],"predecessor-version":[{"id":91009,"href":"https:\/\/eldiariodesanpedro.com.ar\/sitio\/wp-json\/wp\/v2\/posts\/91008\/revisions\/91009"}],"wp:featuredmedia":[{"embeddable":true,"href":"https:\/\/eldiariodesanpedro.com.ar\/sitio\/wp-json\/wp\/v2\/media\/77072"}],"wp:attachment":[{"href":"https:\/\/eldiariodesanpedro.com.ar\/sitio\/wp-json\/wp\/v2\/media?parent=91008"}],"wp:term":[{"taxonomy":"category","embeddable":true,"href":"https:\/\/eldiariodesanpedro.com.ar\/sitio\/wp-json\/wp\/v2\/categories?post=91008"},{"taxonomy":"post_tag","embeddable":true,"href":"https:\/\/eldiariodesanpedro.com.ar\/sitio\/wp-json\/wp\/v2\/tags?post=91008"}],"curies":[{"name":"wp","href":"https:\/\/api.w.org\/{rel}","templated":true}]}}