{"id":91002,"date":"2021-04-16T19:41:54","date_gmt":"2021-04-16T22:41:54","guid":{"rendered":"https:\/\/eldiariodesanpedro.com.ar\/sitio\/?p=91002"},"modified":"2021-04-16T19:41:59","modified_gmt":"2021-04-16T22:41:59","slug":"nuevo-record-de-contagios-de-coronavirus-29-472-casos-diarios","status":"publish","type":"post","link":"https:\/\/eldiariodesanpedro.com.ar\/sitio\/nuevo-record-de-contagios-de-coronavirus-29-472-casos-diarios\/","title":{"rendered":"Nuevo r\u00e9cord de contagios de coronavirus: 29.472 casos diarios"},"content":{"rendered":"<!-- VideographyWP Plugin Message: Automatic video embedding prevented by plugin options. -->\n\n<p>La segunda ola no da tregua. Este viernes se registr\u00f3 otro pico. Con estas cifras, el total de infectados desde el inicio de la pandemia asciende a \u00a02.658.628. Las v\u00edctimas fatales son 59.084<\/p>\n\n\n\n<p>El Ministerio de Salud de la Naci\u00f3n inform\u00f3 este viernes que se registr\u00f3 un nuevo r\u00e9cord de contagios diarios de coronavirus. En las \u00faltimas 24 horas, fueron confirmados 29.472 casos, por lo que el total de infectados desde que comenz\u00f3 la pandemia asciende a 2.658.628, de los cuales 2.324.107 son pacientes recuperados y 275.437 son casos confirmados activos.<\/p>\n\n\n\n<p>En tanto, se registraron 160 muertes, por lo que las v\u00edctimas fatales desde marzo de 2020 a la fecha son 59.084.<\/p>\n\n\n\n<p>Del total de fallecidos, 92 son hombres (35 de la provincia de Buenos Aires, 12 de la ciudad de Buenos Aires, uno de Catamarca, cuatro de Chaco, cuatro de Corrientes, seis de C\u00f3rdoba, dos de Entre R\u00edos, dos de La Rioja, cinco de Mendoza, uno de Misiones, dos de R\u00edo Negro, tres de Salta, dos de San Juan, uno de Santa Cruz, siete de Santa Fe, dos de Santiago del Estero y tres de Tucum\u00e1n) y 66 mujeres (20 de la provincia de Buenos Aires, 13 de la ciudad de Buenos Aires, dos de Chaco, una de Chubut, cinco de Corrientes, cuatro de C\u00f3rdoba, dos de Entre R\u00edos, dos de La Rioja, cuatro de Mendoza, una de Neuqu\u00e9n, cinco de Salta, una de Santa Fe, cinco de Santiago del Estero y una de Tucum\u00e1n).<\/p>\n\n\n\n<p>Dos personas (una de la provincia de Buenos Aires y otra de Salta) fueron registradas sin datos de sexo.<\/p>\n","protected":false},"excerpt":{"rendered":"<p>La segunda ola no da tregua. Este viernes se registr\u00f3 otro pico. Con estas cifras, el total de infectados desde el inicio de la pandemia asciende a \u00a02.658.628. Las v\u00edctimas fatales son 59.084 El Ministerio de Salud de la Naci\u00f3n inform\u00f3 este viernes que se registr\u00f3 un nuevo r\u00e9cord de contagios diarios de coronavirus. En [&hellip;]<\/p>\n","protected":false},"author":4,"featured_media":91003,"comment_status":"open","ping_status":"closed","sticky":false,"template":"","format":"standard","meta":{"om_disable_all_campaigns":false,"_jetpack_memberships_contains_paid_content":false,"footnotes":""},"categories":[621],"tags":[],"class_list":["post-91002","post","type-post","status-publish","format-standard","has-post-thumbnail","hentry","category-regionales"],"aioseo_notices":[],"gutentor_comment":0,"jetpack_featured_media_url":"https:\/\/eldiariodesanpedro.com.ar\/sitio\/wp-content\/uploads\/2021\/04\/127057_3.jpg","jetpack_shortlink":"https:\/\/wp.me\/p6RhLt-nFM","jetpack_sharing_enabled":true,"_links":{"self":[{"href":"https:\/\/eldiariodesanpedro.com.ar\/sitio\/wp-json\/wp\/v2\/posts\/91002","targetHints":{"allow":["GET"]}}],"collection":[{"href":"https:\/\/eldiariodesanpedro.com.ar\/sitio\/wp-json\/wp\/v2\/posts"}],"about":[{"href":"https:\/\/eldiariodesanpedro.com.ar\/sitio\/wp-json\/wp\/v2\/types\/post"}],"author":[{"embeddable":true,"href":"https:\/\/eldiariodesanpedro.com.ar\/sitio\/wp-json\/wp\/v2\/users\/4"}],"replies":[{"embeddable":true,"href":"https:\/\/eldiariodesanpedro.com.ar\/sitio\/wp-json\/wp\/v2\/comments?post=91002"}],"version-history":[{"count":1,"href":"https:\/\/eldiariodesanpedro.com.ar\/sitio\/wp-json\/wp\/v2\/posts\/91002\/revisions"}],"predecessor-version":[{"id":91004,"href":"https:\/\/eldiariodesanpedro.com.ar\/sitio\/wp-json\/wp\/v2\/posts\/91002\/revisions\/91004"}],"wp:featuredmedia":[{"embeddable":true,"href":"https:\/\/eldiariodesanpedro.com.ar\/sitio\/wp-json\/wp\/v2\/media\/91003"}],"wp:attachment":[{"href":"https:\/\/eldiariodesanpedro.com.ar\/sitio\/wp-json\/wp\/v2\/media?parent=91002"}],"wp:term":[{"taxonomy":"category","embeddable":true,"href":"https:\/\/eldiariodesanpedro.com.ar\/sitio\/wp-json\/wp\/v2\/categories?post=91002"},{"taxonomy":"post_tag","embeddable":true,"href":"https:\/\/eldiariodesanpedro.com.ar\/sitio\/wp-json\/wp\/v2\/tags?post=91002"}],"curies":[{"name":"wp","href":"https:\/\/api.w.org\/{rel}","templated":true}]}}