{"id":90992,"date":"2021-04-16T19:28:05","date_gmt":"2021-04-16T22:28:05","guid":{"rendered":"https:\/\/eldiariodesanpedro.com.ar\/sitio\/?p=90992"},"modified":"2021-04-16T19:33:49","modified_gmt":"2021-04-16T22:33:49","slug":"policia-vial-recupera-un-automovil-vento-robado-en-enero-de-2020","status":"publish","type":"post","link":"https:\/\/eldiariodesanpedro.com.ar\/sitio\/policia-vial-recupera-un-automovil-vento-robado-en-enero-de-2020\/","title":{"rendered":"Polic\u00eda Vial recupera un autom\u00f3vil Vento robado en enero de 2020"},"content":{"rendered":"<!-- VideographyWP Plugin Message: Automatic video embedding prevented by plugin options. -->\n\n<p>Este viernes en horas del mediod\u00eda el personal de polic\u00eda vial que se encuentra apostado en el km 152 de la ruta nacional 9 a cargo de Diego Guzm\u00e1n realiz\u00f3 el secuestro de un autom\u00f3vil que fue robado meses atr\u00e1s.<\/p>\n\n\n\n<p>En la jornada de hoy al mediod\u00eda, en cumplimiento de O.S. 1440\/21, sobre Ruta 9 Km. 152.500 (descendente) R\u00edo Tala San Pedro, Operativo interceptaci\u00f3n Vehicular, en conjunto con personal *Ministerio de Transporte Nacional, G.A.D. San Pedro, Senasa San Pedro Es cuando personal policial, procede a interceptar veh\u00edculo marca Volkswagen modelo vento color gris identificando a sus ocupantes, dos masculinos mayores, oriundos de Santa Fe Capital&nbsp; procediendo a la aprehensi\u00f3n de ambos ocupantes, a quien tras requisa personal de pertenencias y veh\u00edculo, en presencia de testigos h\u00e1biles, se halla entre sus prendas envoltorio de nylon con marihuana (peso 2.41grs), continuando con una minuciosa inspecci\u00f3n del rodado, se constata c\u00e9dula verde ap\u00f3crifa (copia burda de la original), vtv ap\u00f3crifa, como tambi\u00e9n ambas chapas patentes y grabado de cristales ap\u00f3crifos.&nbsp;<\/p>\n\n\n\n<p>Se procede a cursar dominio colocado, arrojando resultado negativo, constatando que el n\u00famero de chasis, no siendo conteste con el original, por lo que se cursa&nbsp; n\u00famero de chasis exhibido en el veh\u00edculo, arrojando pedido de secuestro activo, con fecha 31\/01\/2020, caratulado robo agravado automotor, solicitud de la Comisar\u00eda Avellaneda 1\u00ba, Juzgado N\u00b01 desc. Avellaneda.&nbsp;<\/p>\n\n\n\n<p>Mantenida comunicaci\u00f3n con UFI N\u00b0 7, dispone actuaciones por Encubrimiento e inf. art. 289 CPP, Inf a la ley 23737 y secuestro del rodado en cuesti\u00f3n, Not. Art 60 y 161 CPP. Como tambi\u00e9n, se realiz\u00f3 comunicaci\u00f3n con el Juz. Federal N\u00b01 de San Nicol\u00e1s,\u00a0 disponiendo actuaciones por el Art. 292 y 296 CP, para con el propietario del rodado. (Secuestro de c\u00e9dula verde,\u00a0 ambas chapas patentes, y oblea vtv.\u00a0 Fdo).<\/p>\n\n\n\n<figure class=\"wp-block-image size-large\"><img decoding=\"async\" width=\"1024\" height=\"768\" data-attachment-id=\"90996\" data-permalink=\"https:\/\/eldiariodesanpedro.com.ar\/sitio\/policia-vial-recupera-un-automovil-vento-robado-en-enero-de-2020\/whatsapp-image-2021-04-16-at-15-59-33\/\" data-orig-file=\"https:\/\/eldiariodesanpedro.com.ar\/sitio\/wp-content\/uploads\/2021\/04\/WhatsApp-Image-2021-04-16-at-15.59.33.jpeg\" data-orig-size=\"1032,774\" data-comments-opened=\"1\" data-image-meta=\"{&quot;aperture&quot;:&quot;0&quot;,&quot;credit&quot;:&quot;&quot;,&quot;camera&quot;:&quot;&quot;,&quot;caption&quot;:&quot;&quot;,&quot;created_timestamp&quot;:&quot;0&quot;,&quot;copyright&quot;:&quot;&quot;,&quot;focal_length&quot;:&quot;0&quot;,&quot;iso&quot;:&quot;0&quot;,&quot;shutter_speed&quot;:&quot;0&quot;,&quot;title&quot;:&quot;&quot;,&quot;orientation&quot;:&quot;0&quot;}\" data-image-title=\"WhatsApp Image 2021-04-16 at 15.59.33\" data-image-description=\"\" data-image-caption=\"\" data-large-file=\"https:\/\/eldiariodesanpedro.com.ar\/sitio\/wp-content\/uploads\/2021\/04\/WhatsApp-Image-2021-04-16-at-15.59.33-1024x768.jpeg\" data-src=\"https:\/\/eldiariodesanpedro.com.ar\/sitio\/wp-content\/uploads\/2021\/04\/WhatsApp-Image-2021-04-16-at-15.59.33-1024x768.jpeg\" alt=\"\" class=\"wp-image-90996 lazyload\" data-srcset=\"https:\/\/eldiariodesanpedro.com.ar\/sitio\/wp-content\/uploads\/2021\/04\/WhatsApp-Image-2021-04-16-at-15.59.33-1024x768.jpeg 1024w, https:\/\/eldiariodesanpedro.com.ar\/sitio\/wp-content\/uploads\/2021\/04\/WhatsApp-Image-2021-04-16-at-15.59.33-300x225.jpeg 300w, https:\/\/eldiariodesanpedro.com.ar\/sitio\/wp-content\/uploads\/2021\/04\/WhatsApp-Image-2021-04-16-at-15.59.33-768x576.jpeg 768w, https:\/\/eldiariodesanpedro.com.ar\/sitio\/wp-content\/uploads\/2021\/04\/WhatsApp-Image-2021-04-16-at-15.59.33-500x375.jpeg 500w, https:\/\/eldiariodesanpedro.com.ar\/sitio\/wp-content\/uploads\/2021\/04\/WhatsApp-Image-2021-04-16-at-15.59.33.jpeg 1032w\" data-sizes=\"(max-width: 1024px) 100vw, 1024px\" src=\"data:image\/svg+xml;base64,PHN2ZyB3aWR0aD0iMSIgaGVpZ2h0PSIxIiB4bWxucz0iaHR0cDovL3d3dy53My5vcmcvMjAwMC9zdmciPjwvc3ZnPg==\" style=\"--smush-placeholder-width: 1024px; --smush-placeholder-aspect-ratio: 1024\/768;\" \/><\/figure>\n\n\n\n<figure class=\"wp-block-image size-large\"><img decoding=\"async\" width=\"1024\" height=\"768\" data-attachment-id=\"90998\" data-permalink=\"https:\/\/eldiariodesanpedro.com.ar\/sitio\/policia-vial-recupera-un-automovil-vento-robado-en-enero-de-2020\/whatsapp-image-2021-04-16-at-15-59-34-2\/\" data-orig-file=\"https:\/\/eldiariodesanpedro.com.ar\/sitio\/wp-content\/uploads\/2021\/04\/WhatsApp-Image-2021-04-16-at-15.59.34-2.jpeg\" data-orig-size=\"1032,774\" data-comments-opened=\"1\" data-image-meta=\"{&quot;aperture&quot;:&quot;0&quot;,&quot;credit&quot;:&quot;&quot;,&quot;camera&quot;:&quot;&quot;,&quot;caption&quot;:&quot;&quot;,&quot;created_timestamp&quot;:&quot;0&quot;,&quot;copyright&quot;:&quot;&quot;,&quot;focal_length&quot;:&quot;0&quot;,&quot;iso&quot;:&quot;0&quot;,&quot;shutter_speed&quot;:&quot;0&quot;,&quot;title&quot;:&quot;&quot;,&quot;orientation&quot;:&quot;0&quot;}\" data-image-title=\"WhatsApp Image 2021-04-16 at 15.59.34 (2)\" data-image-description=\"\" data-image-caption=\"\" data-large-file=\"https:\/\/eldiariodesanpedro.com.ar\/sitio\/wp-content\/uploads\/2021\/04\/WhatsApp-Image-2021-04-16-at-15.59.34-2-1024x768.jpeg\" data-src=\"https:\/\/eldiariodesanpedro.com.ar\/sitio\/wp-content\/uploads\/2021\/04\/WhatsApp-Image-2021-04-16-at-15.59.34-2-1024x768.jpeg\" alt=\"\" class=\"wp-image-90998 lazyload\" data-srcset=\"https:\/\/eldiariodesanpedro.com.ar\/sitio\/wp-content\/uploads\/2021\/04\/WhatsApp-Image-2021-04-16-at-15.59.34-2-1024x768.jpeg 1024w, https:\/\/eldiariodesanpedro.com.ar\/sitio\/wp-content\/uploads\/2021\/04\/WhatsApp-Image-2021-04-16-at-15.59.34-2-300x225.jpeg 300w, https:\/\/eldiariodesanpedro.com.ar\/sitio\/wp-content\/uploads\/2021\/04\/WhatsApp-Image-2021-04-16-at-15.59.34-2-768x576.jpeg 768w, https:\/\/eldiariodesanpedro.com.ar\/sitio\/wp-content\/uploads\/2021\/04\/WhatsApp-Image-2021-04-16-at-15.59.34-2-500x375.jpeg 500w, https:\/\/eldiariodesanpedro.com.ar\/sitio\/wp-content\/uploads\/2021\/04\/WhatsApp-Image-2021-04-16-at-15.59.34-2.jpeg 1032w\" data-sizes=\"(max-width: 1024px) 100vw, 1024px\" src=\"data:image\/svg+xml;base64,PHN2ZyB3aWR0aD0iMSIgaGVpZ2h0PSIxIiB4bWxucz0iaHR0cDovL3d3dy53My5vcmcvMjAwMC9zdmciPjwvc3ZnPg==\" style=\"--smush-placeholder-width: 1024px; --smush-placeholder-aspect-ratio: 1024\/768;\" \/><\/figure>\n","protected":false},"excerpt":{"rendered":"<p>Este viernes en horas del mediod\u00eda el personal de polic\u00eda vial que se encuentra apostado en el km 152 de la ruta nacional 9 a cargo de Diego Guzm\u00e1n realiz\u00f3 el secuestro de un autom\u00f3vil que fue robado meses atr\u00e1s. En la jornada de hoy al mediod\u00eda, en cumplimiento de O.S. 1440\/21, sobre Ruta 9 [&hellip;]<\/p>\n","protected":false},"author":4,"featured_media":90993,"comment_status":"open","ping_status":"closed","sticky":false,"template":"","format":"standard","meta":{"om_disable_all_campaigns":false,"_jetpack_memberships_contains_paid_content":false,"footnotes":""},"categories":[2,103],"tags":[],"class_list":["post-90992","post","type-post","status-publish","format-standard","has-post-thumbnail","hentry","category-locales","category-policiales-locales"],"aioseo_notices":[],"gutentor_comment":0,"jetpack_featured_media_url":"https:\/\/eldiariodesanpedro.com.ar\/sitio\/wp-content\/uploads\/2021\/04\/WhatsApp-Image-2021-04-16-at-15.59.34.jpeg","jetpack_shortlink":"https:\/\/wp.me\/p6RhLt-nFC","jetpack_sharing_enabled":true,"_links":{"self":[{"href":"https:\/\/eldiariodesanpedro.com.ar\/sitio\/wp-json\/wp\/v2\/posts\/90992","targetHints":{"allow":["GET"]}}],"collection":[{"href":"https:\/\/eldiariodesanpedro.com.ar\/sitio\/wp-json\/wp\/v2\/posts"}],"about":[{"href":"https:\/\/eldiariodesanpedro.com.ar\/sitio\/wp-json\/wp\/v2\/types\/post"}],"author":[{"embeddable":true,"href":"https:\/\/eldiariodesanpedro.com.ar\/sitio\/wp-json\/wp\/v2\/users\/4"}],"replies":[{"embeddable":true,"href":"https:\/\/eldiariodesanpedro.com.ar\/sitio\/wp-json\/wp\/v2\/comments?post=90992"}],"version-history":[{"count":3,"href":"https:\/\/eldiariodesanpedro.com.ar\/sitio\/wp-json\/wp\/v2\/posts\/90992\/revisions"}],"predecessor-version":[{"id":91001,"href":"https:\/\/eldiariodesanpedro.com.ar\/sitio\/wp-json\/wp\/v2\/posts\/90992\/revisions\/91001"}],"wp:featuredmedia":[{"embeddable":true,"href":"https:\/\/eldiariodesanpedro.com.ar\/sitio\/wp-json\/wp\/v2\/media\/90993"}],"wp:attachment":[{"href":"https:\/\/eldiariodesanpedro.com.ar\/sitio\/wp-json\/wp\/v2\/media?parent=90992"}],"wp:term":[{"taxonomy":"category","embeddable":true,"href":"https:\/\/eldiariodesanpedro.com.ar\/sitio\/wp-json\/wp\/v2\/categories?post=90992"},{"taxonomy":"post_tag","embeddable":true,"href":"https:\/\/eldiariodesanpedro.com.ar\/sitio\/wp-json\/wp\/v2\/tags?post=90992"}],"curies":[{"name":"wp","href":"https:\/\/api.w.org\/{rel}","templated":true}]}}