{"id":90989,"date":"2021-04-16T19:06:46","date_gmt":"2021-04-16T22:06:46","guid":{"rendered":"https:\/\/eldiariodesanpedro.com.ar\/sitio\/?p=90989"},"modified":"2021-04-16T19:06:56","modified_gmt":"2021-04-16T22:06:56","slug":"se-secuestraron-mas-de-20-kilos-de-carne-por-un-hecho-de-abigeato","status":"publish","type":"post","link":"https:\/\/eldiariodesanpedro.com.ar\/sitio\/se-secuestraron-mas-de-20-kilos-de-carne-por-un-hecho-de-abigeato\/","title":{"rendered":"Se secuestraron mas de 20 kilos de carne por un hecho de abigeato"},"content":{"rendered":"<!-- VideographyWP Plugin Message: Automatic video embedding prevented by plugin options. -->\n\n<p>La patrulla rural de nuestra ciudad realizo una serie de allanamientos en el marco de investigaciones por hechos de abigeato en la zona de islas.<\/p>\n\n\n\n<p>Las diligencias que se llevaron a cabo en seis lugares tuvo como saldo positivo con el secuestro de 20 kilos de carne vacuna faenada, 5 cuchillos y una planta de canabbis, adem\u00e1s del logro de la aprehensi\u00f3n de 1 personas y tambi\u00e9n 3 imputados por el hecho abigeato.<\/p>\n\n\n\n<p>Los procedimiento fueron realizados por el CPR San Pedro el d\u00eda de ayer y fueron ordenados por la UFI N\u00ba 7 a cargo de la Fiscala Maria del Valle Viviani quien se especializa en el tema.<\/p>\n","protected":false},"excerpt":{"rendered":"<p>La patrulla rural de nuestra ciudad realizo una serie de allanamientos en el marco de investigaciones por hechos de abigeato en la zona de islas. Las diligencias que se llevaron a cabo en seis lugares tuvo como saldo positivo con el secuestro de 20 kilos de carne vacuna faenada, 5 cuchillos y una planta de [&hellip;]<\/p>\n","protected":false},"author":4,"featured_media":90990,"comment_status":"open","ping_status":"closed","sticky":false,"template":"","format":"standard","meta":{"om_disable_all_campaigns":false,"_jetpack_memberships_contains_paid_content":false,"footnotes":""},"categories":[50,2,103],"tags":[],"class_list":["post-90989","post","type-post","status-publish","format-standard","has-post-thumbnail","hentry","category-destacadas","category-locales","category-policiales-locales"],"aioseo_notices":[],"gutentor_comment":0,"jetpack_featured_media_url":"https:\/\/eldiariodesanpedro.com.ar\/sitio\/wp-content\/uploads\/2021\/04\/WhatsApp-Image-2021-04-16-at-12.58.40.jpeg","jetpack_shortlink":"https:\/\/wp.me\/p6RhLt-nFz","jetpack_sharing_enabled":true,"_links":{"self":[{"href":"https:\/\/eldiariodesanpedro.com.ar\/sitio\/wp-json\/wp\/v2\/posts\/90989","targetHints":{"allow":["GET"]}}],"collection":[{"href":"https:\/\/eldiariodesanpedro.com.ar\/sitio\/wp-json\/wp\/v2\/posts"}],"about":[{"href":"https:\/\/eldiariodesanpedro.com.ar\/sitio\/wp-json\/wp\/v2\/types\/post"}],"author":[{"embeddable":true,"href":"https:\/\/eldiariodesanpedro.com.ar\/sitio\/wp-json\/wp\/v2\/users\/4"}],"replies":[{"embeddable":true,"href":"https:\/\/eldiariodesanpedro.com.ar\/sitio\/wp-json\/wp\/v2\/comments?post=90989"}],"version-history":[{"count":1,"href":"https:\/\/eldiariodesanpedro.com.ar\/sitio\/wp-json\/wp\/v2\/posts\/90989\/revisions"}],"predecessor-version":[{"id":90991,"href":"https:\/\/eldiariodesanpedro.com.ar\/sitio\/wp-json\/wp\/v2\/posts\/90989\/revisions\/90991"}],"wp:featuredmedia":[{"embeddable":true,"href":"https:\/\/eldiariodesanpedro.com.ar\/sitio\/wp-json\/wp\/v2\/media\/90990"}],"wp:attachment":[{"href":"https:\/\/eldiariodesanpedro.com.ar\/sitio\/wp-json\/wp\/v2\/media?parent=90989"}],"wp:term":[{"taxonomy":"category","embeddable":true,"href":"https:\/\/eldiariodesanpedro.com.ar\/sitio\/wp-json\/wp\/v2\/categories?post=90989"},{"taxonomy":"post_tag","embeddable":true,"href":"https:\/\/eldiariodesanpedro.com.ar\/sitio\/wp-json\/wp\/v2\/tags?post=90989"}],"curies":[{"name":"wp","href":"https:\/\/api.w.org\/{rel}","templated":true}]}}