{"id":90985,"date":"2021-04-16T18:49:58","date_gmt":"2021-04-16T21:49:58","guid":{"rendered":"https:\/\/eldiariodesanpedro.com.ar\/sitio\/?p=90985"},"modified":"2021-04-16T18:50:04","modified_gmt":"2021-04-16T21:50:04","slug":"importante-donacion-para-el-personal-policial","status":"publish","type":"post","link":"https:\/\/eldiariodesanpedro.com.ar\/sitio\/importante-donacion-para-el-personal-policial\/","title":{"rendered":"Importante donaci\u00f3n para el personal policial"},"content":{"rendered":"<!-- VideographyWP Plugin Message: Automatic video embedding prevented by plugin options. -->\n\n<p>El empresario sampedrino Emilio Peir\u00f3 realiz\u00f3 una importante donaci\u00f3n para la Comisar\u00eda local. Antes hab\u00eda hecho lo mismo en los destacamentos de R\u00edo Tala y Santa Luc\u00eda.<\/p>\n\n\n\n<p>Durante la ma\u00f1ana del viernes el empresario sampedrino Emilio Peir\u00f3 encabez\u00f3 una importante iniciativa que tuvo como fin colaborar con las fuerzas policiales de la ciudad.<\/p>\n\n\n\n<p>D\u00edas atr\u00e1s ya hab\u00eda entregado materiales para la construcci\u00f3n a los destacamentos de R\u00edo Tala y Santa Luc\u00eda, lo que significa una significativa acci\u00f3n que sirve para efectuar distintas reparaci\u00f3n y mantenci\u00f3n de ambos edificios.<\/p>\n\n\n\n<p>El viernes, el propio Peir\u00f3, se aperson\u00f3 a la Comisar\u00eda San Pedro e hizo entrega a las autoridades de la Estaci\u00f3n Comunal de indumentaria perteneciente a la firma \u00abArmer\u00eda El Puesto\u00bb, propiedad del mismo empresario.<\/p>\n\n\n\n<p>La donaci\u00f3n consisti\u00f3 en 20 pantalones y 20 camisas que ser\u00e1n utilizados por el personal; la colaboraci\u00f3n tiene un valor aproximado de $120.000.<\/p>\n\n\n\n<p>Fuente: <a href=\"https:\/\/www.sanpedroinforma.com.ar\/nota\/124135\/interes-general\/importante-donacion-para-el-personal-policial.html\">San Pedro informa<\/a><\/p>\n","protected":false},"excerpt":{"rendered":"<p>El empresario sampedrino Emilio Peir\u00f3 realiz\u00f3 una importante donaci\u00f3n para la Comisar\u00eda local. Antes hab\u00eda hecho lo mismo en los destacamentos de R\u00edo Tala y Santa Luc\u00eda. Durante la ma\u00f1ana del viernes el empresario sampedrino Emilio Peir\u00f3 encabez\u00f3 una importante iniciativa que tuvo como fin colaborar con las fuerzas policiales de la ciudad. D\u00edas atr\u00e1s [&hellip;]<\/p>\n","protected":false},"author":4,"featured_media":90987,"comment_status":"open","ping_status":"closed","sticky":false,"template":"","format":"standard","meta":{"om_disable_all_campaigns":false,"_jetpack_memberships_contains_paid_content":false,"footnotes":""},"categories":[50,101,2],"tags":[],"class_list":["post-90985","post","type-post","status-publish","format-standard","has-post-thumbnail","hentry","category-destacadas","category-interes-general-locales","category-locales"],"aioseo_notices":[],"gutentor_comment":0,"jetpack_featured_media_url":"https:\/\/eldiariodesanpedro.com.ar\/sitio\/wp-content\/uploads\/2021\/04\/000091009.jpg","jetpack_shortlink":"https:\/\/wp.me\/p6RhLt-nFv","jetpack_sharing_enabled":true,"_links":{"self":[{"href":"https:\/\/eldiariodesanpedro.com.ar\/sitio\/wp-json\/wp\/v2\/posts\/90985","targetHints":{"allow":["GET"]}}],"collection":[{"href":"https:\/\/eldiariodesanpedro.com.ar\/sitio\/wp-json\/wp\/v2\/posts"}],"about":[{"href":"https:\/\/eldiariodesanpedro.com.ar\/sitio\/wp-json\/wp\/v2\/types\/post"}],"author":[{"embeddable":true,"href":"https:\/\/eldiariodesanpedro.com.ar\/sitio\/wp-json\/wp\/v2\/users\/4"}],"replies":[{"embeddable":true,"href":"https:\/\/eldiariodesanpedro.com.ar\/sitio\/wp-json\/wp\/v2\/comments?post=90985"}],"version-history":[{"count":1,"href":"https:\/\/eldiariodesanpedro.com.ar\/sitio\/wp-json\/wp\/v2\/posts\/90985\/revisions"}],"predecessor-version":[{"id":90988,"href":"https:\/\/eldiariodesanpedro.com.ar\/sitio\/wp-json\/wp\/v2\/posts\/90985\/revisions\/90988"}],"wp:featuredmedia":[{"embeddable":true,"href":"https:\/\/eldiariodesanpedro.com.ar\/sitio\/wp-json\/wp\/v2\/media\/90987"}],"wp:attachment":[{"href":"https:\/\/eldiariodesanpedro.com.ar\/sitio\/wp-json\/wp\/v2\/media?parent=90985"}],"wp:term":[{"taxonomy":"category","embeddable":true,"href":"https:\/\/eldiariodesanpedro.com.ar\/sitio\/wp-json\/wp\/v2\/categories?post=90985"},{"taxonomy":"post_tag","embeddable":true,"href":"https:\/\/eldiariodesanpedro.com.ar\/sitio\/wp-json\/wp\/v2\/tags?post=90985"}],"curies":[{"name":"wp","href":"https:\/\/api.w.org\/{rel}","templated":true}]}}