{"id":90983,"date":"2021-04-16T13:08:25","date_gmt":"2021-04-16T16:08:25","guid":{"rendered":"https:\/\/eldiariodesanpedro.com.ar\/sitio\/?p=90983"},"modified":"2021-04-16T13:08:32","modified_gmt":"2021-04-16T16:08:32","slug":"salazar-aseguro-que-la-curva-de-contagio-sigue-subiendo-por-lo-que-san-pedro-pasara-a-fase-3-en-cualquier-momento","status":"publish","type":"post","link":"https:\/\/eldiariodesanpedro.com.ar\/sitio\/salazar-aseguro-que-la-curva-de-contagio-sigue-subiendo-por-lo-que-san-pedro-pasara-a-fase-3-en-cualquier-momento\/","title":{"rendered":"Salazar aseguro que la curva de contagio sigue subiendo por lo que San Pedro pasara a fase 3 en cualquier momento"},"content":{"rendered":"<!-- VideographyWP Plugin Message: Automatic video embedding prevented by plugin options. -->\n\n<p>Durante la ma\u00f1ana de este viernes el intendente Cecilio Salzar ofreci\u00f3 varias notas en diferentes medios de comunicaci\u00f3n donde se refiri\u00f3 a la situaci\u00f3n epidemiol\u00f3gica de nuestra ciudad, y advirti\u00f3 que es casi imposible evitar que la ciudad la pr\u00f3xima semana ya se encuentre en fase 3 por la cantidad de contagios.<\/p>\n\n\n\n<p>El intendente ratific\u00f3 que las medidas anunciadas estos d\u00edas son precisamente para los distritos que componen el AMBA y no afectar\u00e1n a nuestra localidad, pero tambi\u00e9n aclar\u00f3 que la ciudad se encuentra en fase 4 pero debido a como viene subiendo la curva de contagios es casi inevitable que en las pr\u00f3ximas semanas la ciudad pase a fase 3.<\/p>\n\n\n\n<p>Si la ciudad volviera a fase 3 los comercios minoristas deber\u00e1n cerrar a las 20 hs y los gastron\u00f3micos cerrar\u00e1n a las 23 hs, cerrando la circulaci\u00f3n entre las 23 hs y las 06 del otro d\u00eda.<\/p>\n\n\n\n<p>En el \u00faltimo parte recibido este viernes por parte del Ministerio de Salud de la Municipalidad se recibi\u00f3 un gran lote de nuevos positivos elevando la situaci\u00f3n de activos a 194, con lo que la semana entrante pasar\u00e1 los 200 casos al igual que llegamos a estar en el pico de la pandemia durante el a\u00f1o 2020.&nbsp;<\/p>\n\n\n\n<p>El intendente aclar\u00f3 que la situaci\u00f3n es preocupante y que espera m\u00e1s responsabilidad por parte de la sociedad para tratar de bajar la cantidad de casos y pide que no se realicen reuniones familiares ni fiestas clandestinas.<\/p>\n","protected":false},"excerpt":{"rendered":"<p>Durante la ma\u00f1ana de este viernes el intendente Cecilio Salzar ofreci\u00f3 varias notas en diferentes medios de comunicaci\u00f3n donde se refiri\u00f3 a la situaci\u00f3n epidemiol\u00f3gica de nuestra ciudad, y advirti\u00f3 que es casi imposible evitar que la ciudad la pr\u00f3xima semana ya se encuentre en fase 3 por la cantidad de contagios. El intendente ratific\u00f3 [&hellip;]<\/p>\n","protected":false},"author":4,"featured_media":86358,"comment_status":"open","ping_status":"closed","sticky":false,"template":"","format":"standard","meta":{"om_disable_all_campaigns":false,"_jetpack_memberships_contains_paid_content":false,"footnotes":""},"categories":[50,101,2],"tags":[],"class_list":["post-90983","post","type-post","status-publish","format-standard","has-post-thumbnail","hentry","category-destacadas","category-interes-general-locales","category-locales"],"aioseo_notices":[],"gutentor_comment":0,"jetpack_featured_media_url":"https:\/\/eldiariodesanpedro.com.ar\/sitio\/wp-content\/uploads\/2021\/01\/WhatsApp-Image-2021-01-21-at-15.43.49.jpeg","jetpack_shortlink":"https:\/\/wp.me\/p6RhLt-nFt","jetpack_sharing_enabled":true,"_links":{"self":[{"href":"https:\/\/eldiariodesanpedro.com.ar\/sitio\/wp-json\/wp\/v2\/posts\/90983","targetHints":{"allow":["GET"]}}],"collection":[{"href":"https:\/\/eldiariodesanpedro.com.ar\/sitio\/wp-json\/wp\/v2\/posts"}],"about":[{"href":"https:\/\/eldiariodesanpedro.com.ar\/sitio\/wp-json\/wp\/v2\/types\/post"}],"author":[{"embeddable":true,"href":"https:\/\/eldiariodesanpedro.com.ar\/sitio\/wp-json\/wp\/v2\/users\/4"}],"replies":[{"embeddable":true,"href":"https:\/\/eldiariodesanpedro.com.ar\/sitio\/wp-json\/wp\/v2\/comments?post=90983"}],"version-history":[{"count":1,"href":"https:\/\/eldiariodesanpedro.com.ar\/sitio\/wp-json\/wp\/v2\/posts\/90983\/revisions"}],"predecessor-version":[{"id":90984,"href":"https:\/\/eldiariodesanpedro.com.ar\/sitio\/wp-json\/wp\/v2\/posts\/90983\/revisions\/90984"}],"wp:featuredmedia":[{"embeddable":true,"href":"https:\/\/eldiariodesanpedro.com.ar\/sitio\/wp-json\/wp\/v2\/media\/86358"}],"wp:attachment":[{"href":"https:\/\/eldiariodesanpedro.com.ar\/sitio\/wp-json\/wp\/v2\/media?parent=90983"}],"wp:term":[{"taxonomy":"category","embeddable":true,"href":"https:\/\/eldiariodesanpedro.com.ar\/sitio\/wp-json\/wp\/v2\/categories?post=90983"},{"taxonomy":"post_tag","embeddable":true,"href":"https:\/\/eldiariodesanpedro.com.ar\/sitio\/wp-json\/wp\/v2\/tags?post=90983"}],"curies":[{"name":"wp","href":"https:\/\/api.w.org\/{rel}","templated":true}]}}