{"id":90968,"date":"2021-04-16T09:42:19","date_gmt":"2021-04-16T12:42:19","guid":{"rendered":"https:\/\/eldiariodesanpedro.com.ar\/sitio\/?p=90968"},"modified":"2021-04-16T09:42:25","modified_gmt":"2021-04-16T12:42:25","slug":"nuevo-fallecimiento-por-covid-de-irma-heguy-de-89-anos","status":"publish","type":"post","link":"https:\/\/eldiariodesanpedro.com.ar\/sitio\/nuevo-fallecimiento-por-covid-de-irma-heguy-de-89-anos\/","title":{"rendered":"Nuevo fallecimiento por covid de Irma Heguy de 89 a\u00f1os"},"content":{"rendered":"<!-- VideographyWP Plugin Message: Automatic video embedding prevented by plugin options. -->\n\n<p>La Secretar\u00eda de Salud de la Municipalidad de San Pedro informa el fallecimiento de la Sra. Irma Heguy de 89 a\u00f1os, internada con COVID 19 positivo, en cl\u00ednica privada.<\/p>\n\n\n\n<p>Acompa\u00f1amos a sus familiares y seres queridos con nuestras condolencias.<\/p>\n","protected":false},"excerpt":{"rendered":"<p>La Secretar\u00eda de Salud de la Municipalidad de San Pedro informa el fallecimiento de la Sra. Irma Heguy de 89 a\u00f1os, internada con COVID 19 positivo, en cl\u00ednica privada. Acompa\u00f1amos a sus familiares y seres queridos con nuestras condolencias.<\/p>\n","protected":false},"author":4,"featured_media":77464,"comment_status":"open","ping_status":"closed","sticky":false,"template":"","format":"standard","meta":{"om_disable_all_campaigns":false,"_jetpack_memberships_contains_paid_content":false,"footnotes":""},"categories":[101,2],"tags":[],"class_list":["post-90968","post","type-post","status-publish","format-standard","has-post-thumbnail","hentry","category-interes-general-locales","category-locales"],"aioseo_notices":[],"gutentor_comment":0,"jetpack_featured_media_url":"https:\/\/eldiariodesanpedro.com.ar\/sitio\/wp-content\/uploads\/2020\/07\/5e87e1dede692.jpeg","jetpack_shortlink":"https:\/\/wp.me\/p6RhLt-nFe","jetpack_sharing_enabled":true,"_links":{"self":[{"href":"https:\/\/eldiariodesanpedro.com.ar\/sitio\/wp-json\/wp\/v2\/posts\/90968","targetHints":{"allow":["GET"]}}],"collection":[{"href":"https:\/\/eldiariodesanpedro.com.ar\/sitio\/wp-json\/wp\/v2\/posts"}],"about":[{"href":"https:\/\/eldiariodesanpedro.com.ar\/sitio\/wp-json\/wp\/v2\/types\/post"}],"author":[{"embeddable":true,"href":"https:\/\/eldiariodesanpedro.com.ar\/sitio\/wp-json\/wp\/v2\/users\/4"}],"replies":[{"embeddable":true,"href":"https:\/\/eldiariodesanpedro.com.ar\/sitio\/wp-json\/wp\/v2\/comments?post=90968"}],"version-history":[{"count":1,"href":"https:\/\/eldiariodesanpedro.com.ar\/sitio\/wp-json\/wp\/v2\/posts\/90968\/revisions"}],"predecessor-version":[{"id":90969,"href":"https:\/\/eldiariodesanpedro.com.ar\/sitio\/wp-json\/wp\/v2\/posts\/90968\/revisions\/90969"}],"wp:featuredmedia":[{"embeddable":true,"href":"https:\/\/eldiariodesanpedro.com.ar\/sitio\/wp-json\/wp\/v2\/media\/77464"}],"wp:attachment":[{"href":"https:\/\/eldiariodesanpedro.com.ar\/sitio\/wp-json\/wp\/v2\/media?parent=90968"}],"wp:term":[{"taxonomy":"category","embeddable":true,"href":"https:\/\/eldiariodesanpedro.com.ar\/sitio\/wp-json\/wp\/v2\/categories?post=90968"},{"taxonomy":"post_tag","embeddable":true,"href":"https:\/\/eldiariodesanpedro.com.ar\/sitio\/wp-json\/wp\/v2\/tags?post=90968"}],"curies":[{"name":"wp","href":"https:\/\/api.w.org\/{rel}","templated":true}]}}