{"id":90966,"date":"2021-04-16T09:39:57","date_gmt":"2021-04-16T12:39:57","guid":{"rendered":"https:\/\/eldiariodesanpedro.com.ar\/sitio\/?p=90966"},"modified":"2021-04-16T09:40:02","modified_gmt":"2021-04-16T12:40:02","slug":"una-mujer-fracturada-en-accidente-de-transito","status":"publish","type":"post","link":"https:\/\/eldiariodesanpedro.com.ar\/sitio\/una-mujer-fracturada-en-accidente-de-transito\/","title":{"rendered":"Una mujer fracturada en accidente de transito"},"content":{"rendered":"<!-- VideographyWP Plugin Message: Automatic video embedding prevented by plugin options. -->\n\n<p>En la ma\u00f1ana de ayer que por causas tratando de establecer ocurri\u00f3 un accidente de transito en calle Mitre esquina Beaumont, entre una motocicleta 110 cc guiada por femenina de 49 a\u00f1os y bicicleta guiada por ciudadano 70 a\u00f1os.<\/p>\n\n\n\n<p>Las dos personas fueron trasladados por el servicio del SAME con lesiones, la conductora rodado mayor present\u00f3 fractura de mu\u00f1eca y el masculino lesi\u00f3n leves,&nbsp;<\/p>\n\n\n\n<p>Los rodados fueron secuestrados. &nbsp;<\/p>\n","protected":false},"excerpt":{"rendered":"<p>En la ma\u00f1ana de ayer que por causas tratando de establecer ocurri\u00f3 un accidente de transito en calle Mitre esquina Beaumont, entre una motocicleta 110 cc guiada por femenina de 49 a\u00f1os y bicicleta guiada por ciudadano 70 a\u00f1os. Las dos personas fueron trasladados por el servicio del SAME con lesiones, la conductora rodado mayor [&hellip;]<\/p>\n","protected":false},"author":4,"featured_media":79665,"comment_status":"open","ping_status":"closed","sticky":false,"template":"","format":"standard","meta":{"om_disable_all_campaigns":false,"_jetpack_memberships_contains_paid_content":false,"footnotes":""},"categories":[2,103],"tags":[],"class_list":["post-90966","post","type-post","status-publish","format-standard","has-post-thumbnail","hentry","category-locales","category-policiales-locales"],"aioseo_notices":[],"gutentor_comment":0,"jetpack_featured_media_url":"https:\/\/eldiariodesanpedro.com.ar\/sitio\/wp-content\/uploads\/2020\/08\/AMBULANCIA-SAME-EMERGENCIA-2-143972_600x315.jpg","jetpack_shortlink":"https:\/\/wp.me\/p6RhLt-nFc","jetpack_sharing_enabled":true,"_links":{"self":[{"href":"https:\/\/eldiariodesanpedro.com.ar\/sitio\/wp-json\/wp\/v2\/posts\/90966","targetHints":{"allow":["GET"]}}],"collection":[{"href":"https:\/\/eldiariodesanpedro.com.ar\/sitio\/wp-json\/wp\/v2\/posts"}],"about":[{"href":"https:\/\/eldiariodesanpedro.com.ar\/sitio\/wp-json\/wp\/v2\/types\/post"}],"author":[{"embeddable":true,"href":"https:\/\/eldiariodesanpedro.com.ar\/sitio\/wp-json\/wp\/v2\/users\/4"}],"replies":[{"embeddable":true,"href":"https:\/\/eldiariodesanpedro.com.ar\/sitio\/wp-json\/wp\/v2\/comments?post=90966"}],"version-history":[{"count":1,"href":"https:\/\/eldiariodesanpedro.com.ar\/sitio\/wp-json\/wp\/v2\/posts\/90966\/revisions"}],"predecessor-version":[{"id":90967,"href":"https:\/\/eldiariodesanpedro.com.ar\/sitio\/wp-json\/wp\/v2\/posts\/90966\/revisions\/90967"}],"wp:featuredmedia":[{"embeddable":true,"href":"https:\/\/eldiariodesanpedro.com.ar\/sitio\/wp-json\/wp\/v2\/media\/79665"}],"wp:attachment":[{"href":"https:\/\/eldiariodesanpedro.com.ar\/sitio\/wp-json\/wp\/v2\/media?parent=90966"}],"wp:term":[{"taxonomy":"category","embeddable":true,"href":"https:\/\/eldiariodesanpedro.com.ar\/sitio\/wp-json\/wp\/v2\/categories?post=90966"},{"taxonomy":"post_tag","embeddable":true,"href":"https:\/\/eldiariodesanpedro.com.ar\/sitio\/wp-json\/wp\/v2\/tags?post=90966"}],"curies":[{"name":"wp","href":"https:\/\/api.w.org\/{rel}","templated":true}]}}