{"id":90961,"date":"2021-04-16T09:21:49","date_gmt":"2021-04-16T12:21:49","guid":{"rendered":"https:\/\/eldiariodesanpedro.com.ar\/sitio\/?p=90961"},"modified":"2021-04-16T09:21:53","modified_gmt":"2021-04-16T12:21:53","slug":"otro-padre-detenido-acusado-de-abusar-de-su-hija","status":"publish","type":"post","link":"https:\/\/eldiariodesanpedro.com.ar\/sitio\/otro-padre-detenido-acusado-de-abusar-de-su-hija\/","title":{"rendered":"Otro padre detenido acusado de abusar de su hija"},"content":{"rendered":"<!-- VideographyWP Plugin Message: Automatic video embedding prevented by plugin options. -->\n\n<p>El hombre de 39\u00a0a\u00f1os fue apresado el jueves en un asentamiento del barrio Villa Igoillo. Fue denunciado el a\u00f1o pasado por su pareja.\u00a0\u00a0<\/p>\n\n\n\n<p>Durante la tarde del jueves personal de la DDI San Pedro- Baradero&nbsp;detuvo a un hombre de 39 a\u00f1os acusado de abusar sexualmente de su hija de 10 a\u00f1os.<\/p>\n\n\n\n<p>El hombre, ex futbolista y relacionado directamente con un hecho acontecido hace tres a\u00f1os, fue apresado en un asentamiento ubicado en el barrio Villa Igoillo.<\/p>\n\n\n\n<p>En el a\u00f1o 2020 hab\u00eda sido denunciado por su pareja quien asegur\u00f3 que el acusado abusaba sexualmente de la hija de ambos.<\/p>\n\n\n\n<p>Finalmente, tras el resultado positivo que arroj\u00f3 la entrevista pericial en C\u00e1mara Gesell, la fiscal Viviana Ramos solicit\u00f3 su detenci\u00f3n la cual se hizo efectiva de inmediato.\u00a0<\/p>\n\n\n\n<p>Fuente: <a href=\"https:\/\/www.sanpedroinforma.com.ar\/nota\/124134\/interes-general\/otro-padre-detenido-acusado-de-abusar-de-su-hija.html\">San Pedro Informa<\/a><\/p>\n","protected":false},"excerpt":{"rendered":"<p>El hombre de 39\u00a0a\u00f1os fue apresado el jueves en un asentamiento del barrio Villa Igoillo. Fue denunciado el a\u00f1o pasado por su pareja.\u00a0\u00a0 Durante la tarde del jueves personal de la DDI San Pedro- Baradero&nbsp;detuvo a un hombre de 39 a\u00f1os acusado de abusar sexualmente de su hija de 10 a\u00f1os. El hombre, ex futbolista [&hellip;]<\/p>\n","protected":false},"author":4,"featured_media":90962,"comment_status":"open","ping_status":"closed","sticky":false,"template":"","format":"standard","meta":{"om_disable_all_campaigns":false,"_jetpack_memberships_contains_paid_content":false,"footnotes":""},"categories":[50,2,103],"tags":[],"class_list":["post-90961","post","type-post","status-publish","format-standard","has-post-thumbnail","hentry","category-destacadas","category-locales","category-policiales-locales"],"aioseo_notices":[],"gutentor_comment":1,"jetpack_featured_media_url":"https:\/\/eldiariodesanpedro.com.ar\/sitio\/wp-content\/uploads\/2021\/04\/000091001.jpg","jetpack_shortlink":"https:\/\/wp.me\/p6RhLt-nF7","jetpack_sharing_enabled":true,"_links":{"self":[{"href":"https:\/\/eldiariodesanpedro.com.ar\/sitio\/wp-json\/wp\/v2\/posts\/90961","targetHints":{"allow":["GET"]}}],"collection":[{"href":"https:\/\/eldiariodesanpedro.com.ar\/sitio\/wp-json\/wp\/v2\/posts"}],"about":[{"href":"https:\/\/eldiariodesanpedro.com.ar\/sitio\/wp-json\/wp\/v2\/types\/post"}],"author":[{"embeddable":true,"href":"https:\/\/eldiariodesanpedro.com.ar\/sitio\/wp-json\/wp\/v2\/users\/4"}],"replies":[{"embeddable":true,"href":"https:\/\/eldiariodesanpedro.com.ar\/sitio\/wp-json\/wp\/v2\/comments?post=90961"}],"version-history":[{"count":1,"href":"https:\/\/eldiariodesanpedro.com.ar\/sitio\/wp-json\/wp\/v2\/posts\/90961\/revisions"}],"predecessor-version":[{"id":90963,"href":"https:\/\/eldiariodesanpedro.com.ar\/sitio\/wp-json\/wp\/v2\/posts\/90961\/revisions\/90963"}],"wp:featuredmedia":[{"embeddable":true,"href":"https:\/\/eldiariodesanpedro.com.ar\/sitio\/wp-json\/wp\/v2\/media\/90962"}],"wp:attachment":[{"href":"https:\/\/eldiariodesanpedro.com.ar\/sitio\/wp-json\/wp\/v2\/media?parent=90961"}],"wp:term":[{"taxonomy":"category","embeddable":true,"href":"https:\/\/eldiariodesanpedro.com.ar\/sitio\/wp-json\/wp\/v2\/categories?post=90961"},{"taxonomy":"post_tag","embeddable":true,"href":"https:\/\/eldiariodesanpedro.com.ar\/sitio\/wp-json\/wp\/v2\/tags?post=90961"}],"curies":[{"name":"wp","href":"https:\/\/api.w.org\/{rel}","templated":true}]}}