{"id":90955,"date":"2021-04-15T20:05:16","date_gmt":"2021-04-15T23:05:16","guid":{"rendered":"https:\/\/eldiariodesanpedro.com.ar\/sitio\/?p=90955"},"modified":"2021-04-15T20:05:19","modified_gmt":"2021-04-15T23:05:19","slug":"el-ejecutivo-confirmo-que-san-pedro-sigue-con-las-restricciones-de-fase-4","status":"publish","type":"post","link":"https:\/\/eldiariodesanpedro.com.ar\/sitio\/el-ejecutivo-confirmo-que-san-pedro-sigue-con-las-restricciones-de-fase-4\/","title":{"rendered":"El ejecutivo confirmo que San Pedro sigue con las restricciones de fase 4"},"content":{"rendered":"<!-- VideographyWP Plugin Message: Automatic video embedding prevented by plugin options. -->\n\n<p>El ejecutivo informo a trav\u00e9s de un comunicado que las restricciones hasta el d\u00eda de hoy en San Pedro contin\u00faan exactamente igual, la informaci\u00f3n es para eliminar informaciones falsas de que en San Pedro el d\u00eda de ma\u00f1ana se restringe mas el horario.<\/p>\n\n\n\n<p><em>Con el objetivo de compartir con la comunidad la informaci\u00f3n oficial recibida hasta el momento y evitar CONFUSIONES e interpretaciones equivocadas, la MUNICIPALIDAD DE SAN PEDRO informa que moment\u00e1neamente las actividades en San Pedro siguen encuadradas en los par\u00e1metros vigentes para la Fase 4.<br>Esto implica la continuidad de clases en el modo en el que vienen dict\u00e1ndose y el funcionamiento del comercio con las restricciones ya establecidas.<br>El Gobierno de la Provincia de Buenos Aires informar\u00e1 a cada distrito la actualizaci\u00f3n del mapa de fases y en caso de que surja alguna modificaci\u00f3n se notificar\u00e1 el efecto que la misma tenga.<br>Las restricciones anunciadas por el Presidente y ratificadas por el Gobernador s\u00f3lo tienen efecto en los distritos del \u00c1rea Metropolitana de la Provincia de Buenos Aires.<br><strong>No obstante, ante el crecimiento de consultas y casos positivos a nivel local, se reitera el pedido de responsabilidad y cuidado individual y familiar, para disminuir los riesgos de contagios.<\/strong><\/em><\/p>\n\n\n\n<figure class=\"wp-block-image size-large\"><img decoding=\"async\" width=\"1024\" height=\"992\" data-attachment-id=\"90956\" data-permalink=\"https:\/\/eldiariodesanpedro.com.ar\/sitio\/el-ejecutivo-confirmo-que-san-pedro-sigue-con-las-restricciones-de-fase-4\/whatsapp-image-2021-04-15-at-19-56-19\/\" data-orig-file=\"https:\/\/eldiariodesanpedro.com.ar\/sitio\/wp-content\/uploads\/2021\/04\/WhatsApp-Image-2021-04-15-at-19.56.19.jpeg\" data-orig-size=\"1280,1240\" data-comments-opened=\"1\" data-image-meta=\"{&quot;aperture&quot;:&quot;0&quot;,&quot;credit&quot;:&quot;&quot;,&quot;camera&quot;:&quot;&quot;,&quot;caption&quot;:&quot;&quot;,&quot;created_timestamp&quot;:&quot;0&quot;,&quot;copyright&quot;:&quot;&quot;,&quot;focal_length&quot;:&quot;0&quot;,&quot;iso&quot;:&quot;0&quot;,&quot;shutter_speed&quot;:&quot;0&quot;,&quot;title&quot;:&quot;&quot;,&quot;orientation&quot;:&quot;0&quot;}\" data-image-title=\"WhatsApp Image 2021-04-15 at 19.56.19\" data-image-description=\"\" data-image-caption=\"\" data-large-file=\"https:\/\/eldiariodesanpedro.com.ar\/sitio\/wp-content\/uploads\/2021\/04\/WhatsApp-Image-2021-04-15-at-19.56.19-1024x992.jpeg\" data-src=\"https:\/\/eldiariodesanpedro.com.ar\/sitio\/wp-content\/uploads\/2021\/04\/WhatsApp-Image-2021-04-15-at-19.56.19-1024x992.jpeg\" alt=\"\" class=\"wp-image-90956 lazyload\" data-srcset=\"https:\/\/eldiariodesanpedro.com.ar\/sitio\/wp-content\/uploads\/2021\/04\/WhatsApp-Image-2021-04-15-at-19.56.19-1024x992.jpeg 1024w, https:\/\/eldiariodesanpedro.com.ar\/sitio\/wp-content\/uploads\/2021\/04\/WhatsApp-Image-2021-04-15-at-19.56.19-300x291.jpeg 300w, https:\/\/eldiariodesanpedro.com.ar\/sitio\/wp-content\/uploads\/2021\/04\/WhatsApp-Image-2021-04-15-at-19.56.19-768x744.jpeg 768w, https:\/\/eldiariodesanpedro.com.ar\/sitio\/wp-content\/uploads\/2021\/04\/WhatsApp-Image-2021-04-15-at-19.56.19.jpeg 1280w\" data-sizes=\"(max-width: 1024px) 100vw, 1024px\" src=\"data:image\/svg+xml;base64,PHN2ZyB3aWR0aD0iMSIgaGVpZ2h0PSIxIiB4bWxucz0iaHR0cDovL3d3dy53My5vcmcvMjAwMC9zdmciPjwvc3ZnPg==\" style=\"--smush-placeholder-width: 1024px; --smush-placeholder-aspect-ratio: 1024\/992;\" \/><\/figure>\n","protected":false},"excerpt":{"rendered":"<p>El ejecutivo informo a trav\u00e9s de un comunicado que las restricciones hasta el d\u00eda de hoy en San Pedro contin\u00faan exactamente igual, la informaci\u00f3n es para eliminar informaciones falsas de que en San Pedro el d\u00eda de ma\u00f1ana se restringe mas el horario. Con el objetivo de compartir con la comunidad la informaci\u00f3n oficial recibida [&hellip;]<\/p>\n","protected":false},"author":4,"featured_media":89845,"comment_status":"open","ping_status":"closed","sticky":false,"template":"","format":"standard","meta":{"om_disable_all_campaigns":false,"_jetpack_memberships_contains_paid_content":false,"footnotes":""},"categories":[50,101,2],"tags":[],"class_list":["post-90955","post","type-post","status-publish","format-standard","has-post-thumbnail","hentry","category-destacadas","category-interes-general-locales","category-locales"],"aioseo_notices":[],"gutentor_comment":0,"jetpack_featured_media_url":"https:\/\/eldiariodesanpedro.com.ar\/sitio\/wp-content\/uploads\/2021\/03\/WhatsApp-Image-2021-03-26-at-16.28.00-1.jpeg","jetpack_shortlink":"https:\/\/wp.me\/p6RhLt-nF1","jetpack_sharing_enabled":true,"_links":{"self":[{"href":"https:\/\/eldiariodesanpedro.com.ar\/sitio\/wp-json\/wp\/v2\/posts\/90955","targetHints":{"allow":["GET"]}}],"collection":[{"href":"https:\/\/eldiariodesanpedro.com.ar\/sitio\/wp-json\/wp\/v2\/posts"}],"about":[{"href":"https:\/\/eldiariodesanpedro.com.ar\/sitio\/wp-json\/wp\/v2\/types\/post"}],"author":[{"embeddable":true,"href":"https:\/\/eldiariodesanpedro.com.ar\/sitio\/wp-json\/wp\/v2\/users\/4"}],"replies":[{"embeddable":true,"href":"https:\/\/eldiariodesanpedro.com.ar\/sitio\/wp-json\/wp\/v2\/comments?post=90955"}],"version-history":[{"count":1,"href":"https:\/\/eldiariodesanpedro.com.ar\/sitio\/wp-json\/wp\/v2\/posts\/90955\/revisions"}],"predecessor-version":[{"id":90957,"href":"https:\/\/eldiariodesanpedro.com.ar\/sitio\/wp-json\/wp\/v2\/posts\/90955\/revisions\/90957"}],"wp:featuredmedia":[{"embeddable":true,"href":"https:\/\/eldiariodesanpedro.com.ar\/sitio\/wp-json\/wp\/v2\/media\/89845"}],"wp:attachment":[{"href":"https:\/\/eldiariodesanpedro.com.ar\/sitio\/wp-json\/wp\/v2\/media?parent=90955"}],"wp:term":[{"taxonomy":"category","embeddable":true,"href":"https:\/\/eldiariodesanpedro.com.ar\/sitio\/wp-json\/wp\/v2\/categories?post=90955"},{"taxonomy":"post_tag","embeddable":true,"href":"https:\/\/eldiariodesanpedro.com.ar\/sitio\/wp-json\/wp\/v2\/tags?post=90955"}],"curies":[{"name":"wp","href":"https:\/\/api.w.org\/{rel}","templated":true}]}}