{"id":90951,"date":"2021-04-15T19:54:29","date_gmt":"2021-04-15T22:54:29","guid":{"rendered":"https:\/\/eldiariodesanpedro.com.ar\/sitio\/?p=90951"},"modified":"2021-04-15T19:55:05","modified_gmt":"2021-04-15T22:55:05","slug":"kicillof-le-contesto-a-larreta-la-capital-es-el-epicentro-de-la-pandemia","status":"publish","type":"post","link":"https:\/\/eldiariodesanpedro.com.ar\/sitio\/kicillof-le-contesto-a-larreta-la-capital-es-el-epicentro-de-la-pandemia\/","title":{"rendered":"Kicillof le contest\u00f3 a Larreta: \u00abLa capital es el epicentro de la pandemia\u00bb"},"content":{"rendered":"<!-- VideographyWP Plugin Message: Automatic video embedding prevented by plugin options. -->\n\n<p>El gobernador de la provincia, Axel Kicillof, le apunt\u00f3 con dureza al jefe porte\u00f1o Horacio Rodr\u00edguez Larreta. \u00abLa oposici\u00f3n fracas\u00f3 en todos los pron\u00f3sticos\u00bb.<\/p>\n\n\n\n<p><strong>Axel&nbsp;Kicillof<\/strong>&nbsp;acat\u00f3 las medidas que tom\u00f3 ayer el presidente de la Naci\u00f3n,&nbsp;<strong>Alberto Fern\u00e1ndez,<\/strong>&nbsp;asegurando que en el Conurbano&nbsp;bonaerense&nbsp;se cerrar\u00e1 toda actividad nocturna a partir de las 20 hs. Tambi\u00e9n la suspensi\u00f3n de clases presenciales por 15 d\u00edas.<\/p>\n\n\n\n<p>Pero en su conferencia de esta tarde, el gobernador de la provincia&nbsp;<strong>le habl\u00f3 directamente al jefe del gobierno de la ciudad de Buenos Aires, Horacio Rodr\u00edguez Larreta,&nbsp;<\/strong>quien m\u00e1s temprano hab\u00eda apuntado contra el gobierno nacional y asegur\u00f3 que judicializar\u00eda la decisi\u00f3n del presidente, en el marco del peor momento de la pandemia.<\/p>\n\n\n\n<p>En principio, le machac\u00f3 que su vice,&nbsp;<strong>Diego Santilli,&nbsp;<\/strong>ya hab\u00eda asumido en febrero de este a\u00f1o que en una virtual segunda ola de coronavirus, lo m\u00e1s \u201cl\u00f3gico\u201d ser\u00eda cerrar muchas actividades por 10 o 15 d\u00edas, \u201ccomo en muchos pa\u00edses del mundo\u201d. Pero las cr\u00edticas hacia el gobierno porte\u00f1o se contaron de a decenas.<\/p>\n\n\n\n<p>El gobernador Kicillof asegur\u00f3 que la oposici\u00f3n<strong>&nbsp;\u201cfracas\u00f3 en todos los pron\u00f3sticos\u201d<\/strong>&nbsp;desde que comenz\u00f3 la pandemia y puntualiz\u00f3 en que las medidas que tom\u00f3 el gobierno de Alberto Fern\u00e1ndez \u201ctom\u00f3 el toro por las astas\u201d, ya que en tan solo una semana, los casos de coronavirus se duplicaron.<\/p>\n\n\n\n<p>Para hacer un par\u00e9ntesis, el 29 de marzo el pa\u00eds registr\u00f3&nbsp;<strong>14 mil casos<\/strong>. Una semana despu\u00e9s, el 6 abril:&nbsp;<strong>21 mil casos<\/strong>. \u201cEl n\u00famero r\u00e9cord en la primera ola fue de 15 mil casos. En pocas semanas bati\u00f3 el r\u00e9cord y casi que lo duplic\u00f3\u201d, asegur\u00f3 Kicillof esta tarde, en el sal\u00f3n dorado de Gobernaci\u00f3n.<\/p>\n\n\n\n<p>\u201cEstamos en una situaci\u00f3n doblemente peor y tres o cuatro veces m\u00e1s r\u00e1pida. No se lo esperaba nadie, tampoco el gobierno de la ciudad de Buenos Aires\u201d, comenz\u00f3 el mandatario bonaerense, que esboz\u00f3 casi un derecho a r\u00e9plica para con su par, Horacio Rodr\u00edguez Larreta.<\/p>\n\n\n\n<p>Kicillof dijo que&nbsp;<strong>\u201cno puede ser que el virus vaya por el ascensor y las medidas vayan por la escalera\u201d&nbsp;<\/strong>y no dud\u00f3 en considerar que el epicentro de esta segunda ola \u201ces la ciudad de Buenos Aires\u201d. \u201cNo es ni un insulto ni una chicana, son n\u00fameros\u201d, se justific\u00f3 el gobernador de la provincia.<\/p>\n\n\n\n<p>\u201cHablemos sin eufemismos: cuanto m\u00e1s contagios,&nbsp;<strong>m\u00e1s muertos<\/strong>\u201d, dijo el gobernador, que record\u00f3 que las cl\u00ednicas privadas de la ciudad aut\u00f3noma de Buenos Aires se encuentran en su mayor\u00eda colapsadas y es desde este sistema, en donde se atienden el<strong>&nbsp;80 por ciento de los porte\u00f1os<\/strong>. Por eso, muchos ciudadanos de la capital comenzaron a ser atendidos en hospitales p\u00fablicos del Conurbano.<\/p>\n\n\n\n<p>\u201cTodos los epidemi\u00f3logos est\u00e1n pidiendo medidas m\u00e1s duras.&nbsp;<strong>\u00a1Pero vamos, no le pueden mentir as\u00ed a la gente en la cara!\u201d<\/strong>, manifest\u00f3 visiblemente enojado Kicillof quien adem\u00e1s enumer\u00f3 pa\u00edses de Europa en donde ya se cerraron las escuelas, como&nbsp;<strong>Reino Unido, Francia y Portugal.<\/strong>&nbsp;Pero tambi\u00e9n pa\u00edses como Chile, uno de los pa\u00edses con m\u00e1s vacunados en el mundo.<\/p>\n\n\n\n<p>\u201cMe parece tan vil cargar las tintas y generar odio. Me gustar\u00eda que se pusieran en contacto estos genios de la epidemiolog\u00eda con Reino Unido y decirles que se equivocaron. No, eso nunca\u201d, ironiz\u00f3.<\/p>\n\n\n\n<p>En este punto, Kicillof hizo un apartado y dijo que \u201cno lo iban a correr\u201d con que su gesti\u00f3n no se preocupa por la educaci\u00f3n. \u201c<strong>Vidal cerr\u00f3 escuelas\u2026 y sin pandemia\u201d<\/strong>, dispar\u00f3 el gobernador.<\/p>\n\n\n\n<p>El gobierno de la provincia calcula que el&nbsp;<strong>37 por ciento de la circulaci\u00f3n<\/strong>&nbsp;est\u00e1 explicado por la apertura de las escuelas y en ese punto, le apunt\u00f3 a la oposici\u00f3n que a pesar de haberse manifestado con virulencia, volvi\u00f3 a hablar de la necesidad del di\u00e1logo.<\/p>\n\n\n\n<p>\u201cPareciera que el \u00fanico consenso que les funciona es hacer lo que ellos quieren. Sino no hay consenso. Est\u00e1n haciendo pol\u00edtica con esto y me preocupa\u201d, expres\u00f3 Kicillof, en clara referencia a Larreta.<\/p>\n\n\n\n<p>En esa l\u00ednea, el gobernador de la provincia cerr\u00f3 todav\u00eda con m\u00e1s contundencia. Compar\u00f3 a Larreta con<strong>&nbsp;Macri,<\/strong>&nbsp;luego de que el jefe porte\u00f1o tomara las similares posturas al expresidente a pesar de tener \u201cresponsabilidades de gesti\u00f3n\u201d.<\/p>\n\n\n\n<p><strong>\u201cYo la verdad, a veces creo que ser\u00eda mejor que venga a discutir Macri.<\/strong>&nbsp;Pensamos que Larreta era diferente porque ten\u00eda responsabilidades de gesti\u00f3n, pero finalmente<strong>&nbsp;es igual a Bullrich o a Macri<\/strong>\u201d, lanz\u00f3 Kicillof.<\/p>\n\n\n\n<p>Finalmente, el mandatario de la provincia record\u00f3 los n\u00fameros del a campa\u00f1a de vacunaci\u00f3n, que tambi\u00e9n fue blanco de cr\u00edticas para la oposici\u00f3n. Aun as\u00ed, la Argentina se posiciona entre los&nbsp;<strong>20 pa\u00edses que m\u00e1s vacunas recibi\u00f3 por 100 mil habitantes.<\/strong><\/p>\n\n\n\n<p>\u201cEn estos quince d\u00edas vamos a evitar los encuentros para sumar contagios, pero tambi\u00e9n vamos a aprovechar ese tiempo para vacunar. En la provincia ya vacunamos m\u00e1s de<strong>&nbsp;2 millones de personas.<\/strong>&nbsp;Tenemos al&nbsp;<strong>94 % del personal de salud<\/strong>, vacunados. A la mitad de los trabajadores de Educaci\u00f3n y a un tercio del personal de Seguridad. Tambi\u00e9n al 74 por ciento de&nbsp;<strong>adultos mayores de 70 a\u00f1os<\/strong>. Y al 45 de entre los de&nbsp;<strong>60 y 70<\/strong>\u201d, cerr\u00f3 el gobernador.<\/p>\n\n\n\n<p>Fuente: <a href=\"https:\/\/infocielo.com\/kicillof\/kicillof-le-contesto-larreta-la-capital-es-el-epicentro-la-pandemia-n709650\">Infocielo<\/a><\/p>\n\n\n\n<p><a href=\"https:\/\/media.infocielo.com\/p\/0c398a999d9ea80c58e6f733f3f36da1\/adjuntos\/299\/imagenes\/001\/145\/0001145184\/kicillof-le-apunto-larreta-y-dijo-que-la-capital-es-el-centro-la-pandemia.jpg\"><\/a><\/p>\n","protected":false},"excerpt":{"rendered":"<p>El gobernador de la provincia, Axel Kicillof, le apunt\u00f3 con dureza al jefe porte\u00f1o Horacio Rodr\u00edguez Larreta. \u00abLa oposici\u00f3n fracas\u00f3 en todos los pron\u00f3sticos\u00bb. Axel&nbsp;Kicillof&nbsp;acat\u00f3 las medidas que tom\u00f3 ayer el presidente de la Naci\u00f3n,&nbsp;Alberto Fern\u00e1ndez,&nbsp;asegurando que en el Conurbano&nbsp;bonaerense&nbsp;se cerrar\u00e1 toda actividad nocturna a partir de las 20 hs. Tambi\u00e9n la suspensi\u00f3n de clases [&hellip;]<\/p>\n","protected":false},"author":4,"featured_media":90952,"comment_status":"open","ping_status":"closed","sticky":false,"template":"","format":"standard","meta":{"om_disable_all_campaigns":false,"_jetpack_memberships_contains_paid_content":false,"footnotes":""},"categories":[621],"tags":[],"class_list":["post-90951","post","type-post","status-publish","format-standard","has-post-thumbnail","hentry","category-regionales"],"aioseo_notices":[],"gutentor_comment":0,"jetpack_featured_media_url":"https:\/\/eldiariodesanpedro.com.ar\/sitio\/wp-content\/uploads\/2021\/04\/kicillof-le-apunto-larreta-y-dijo-que-la-capital-es-el-centro-la-pandemia.jpg","jetpack_shortlink":"https:\/\/wp.me\/p6RhLt-nEX","jetpack_sharing_enabled":true,"_links":{"self":[{"href":"https:\/\/eldiariodesanpedro.com.ar\/sitio\/wp-json\/wp\/v2\/posts\/90951","targetHints":{"allow":["GET"]}}],"collection":[{"href":"https:\/\/eldiariodesanpedro.com.ar\/sitio\/wp-json\/wp\/v2\/posts"}],"about":[{"href":"https:\/\/eldiariodesanpedro.com.ar\/sitio\/wp-json\/wp\/v2\/types\/post"}],"author":[{"embeddable":true,"href":"https:\/\/eldiariodesanpedro.com.ar\/sitio\/wp-json\/wp\/v2\/users\/4"}],"replies":[{"embeddable":true,"href":"https:\/\/eldiariodesanpedro.com.ar\/sitio\/wp-json\/wp\/v2\/comments?post=90951"}],"version-history":[{"count":2,"href":"https:\/\/eldiariodesanpedro.com.ar\/sitio\/wp-json\/wp\/v2\/posts\/90951\/revisions"}],"predecessor-version":[{"id":90954,"href":"https:\/\/eldiariodesanpedro.com.ar\/sitio\/wp-json\/wp\/v2\/posts\/90951\/revisions\/90954"}],"wp:featuredmedia":[{"embeddable":true,"href":"https:\/\/eldiariodesanpedro.com.ar\/sitio\/wp-json\/wp\/v2\/media\/90952"}],"wp:attachment":[{"href":"https:\/\/eldiariodesanpedro.com.ar\/sitio\/wp-json\/wp\/v2\/media?parent=90951"}],"wp:term":[{"taxonomy":"category","embeddable":true,"href":"https:\/\/eldiariodesanpedro.com.ar\/sitio\/wp-json\/wp\/v2\/categories?post=90951"},{"taxonomy":"post_tag","embeddable":true,"href":"https:\/\/eldiariodesanpedro.com.ar\/sitio\/wp-json\/wp\/v2\/tags?post=90951"}],"curies":[{"name":"wp","href":"https:\/\/api.w.org\/{rel}","templated":true}]}}