{"id":90948,"date":"2021-04-15T19:35:11","date_gmt":"2021-04-15T22:35:11","guid":{"rendered":"https:\/\/eldiariodesanpedro.com.ar\/sitio\/?p=90948"},"modified":"2021-04-15T19:37:14","modified_gmt":"2021-04-15T22:37:14","slug":"el-gobernador-anuncio-que-el-interior-de-la-provincia-sigue-todo-como-estaba","status":"publish","type":"post","link":"https:\/\/eldiariodesanpedro.com.ar\/sitio\/el-gobernador-anuncio-que-el-interior-de-la-provincia-sigue-todo-como-estaba\/","title":{"rendered":"El gobernador anuncio que el interior de la provincia sigue todo como estaba"},"content":{"rendered":"<!-- VideographyWP Plugin Message: Automatic video embedding prevented by plugin options. -->\n\n<p>En la tarde de hoy lego de una larga espera el Gobernador Axel Kicilof anuncio que las medidas mas duras se aplican para los distritos dentro del Amba y que las ciudades como las nuestras aun continua el sistema de fases como hasta hoy.<\/p>\n\n\n\n<p>En la tarde de hoy luego de una larga espera para los anuncios del gobernador, tras los anuncios del Presidente Alberto Fernandez, realizo la conferencia de prensa donde informo que a partir de esta noche el AMBA se pasara a una nueva fase 2 y el resto de la provincia por el momento se mantendr\u00e1 en las restricciones que se utilizaron hasta el d\u00eda de hoy con las ciudades en fase 3 y fase 4.<\/p>\n\n\n\n<p>En nuestra ciudad que por esta semana continua en fase 4 las restricciones ser\u00e1n hasta las 00 hs. y todo como se anuncio la semana pasada, continuando con las clases presenciales, los gimnasios podr\u00e1n seguir trabajando y los gastron\u00f3micos hasta la hora limite de cierre.<\/p>\n\n\n\n<p>Se espera que el gobierno local informe a trav\u00e9s de alg\u00fan comunicado de si habr\u00e1 alguna restricci\u00f3n local tambi\u00e9n debido a la subida de casos en la ciudad.<\/p>\n","protected":false},"excerpt":{"rendered":"<p>En la tarde de hoy lego de una larga espera el Gobernador Axel Kicilof anuncio que las medidas mas duras se aplican para los distritos dentro del Amba y que las ciudades como las nuestras aun continua el sistema de fases como hasta hoy. En la tarde de hoy luego de una larga espera para [&hellip;]<\/p>\n","protected":false},"author":4,"featured_media":90662,"comment_status":"open","ping_status":"closed","sticky":false,"template":"","format":"standard","meta":{"om_disable_all_campaigns":false,"_jetpack_memberships_contains_paid_content":false,"footnotes":""},"categories":[50,101,2],"tags":[],"class_list":["post-90948","post","type-post","status-publish","format-standard","has-post-thumbnail","hentry","category-destacadas","category-interes-general-locales","category-locales"],"aioseo_notices":[],"gutentor_comment":0,"jetpack_featured_media_url":"https:\/\/eldiariodesanpedro.com.ar\/sitio\/wp-content\/uploads\/2021\/04\/0000873883-f85a5d.jpg","jetpack_shortlink":"https:\/\/wp.me\/p6RhLt-nEU","jetpack_sharing_enabled":true,"_links":{"self":[{"href":"https:\/\/eldiariodesanpedro.com.ar\/sitio\/wp-json\/wp\/v2\/posts\/90948","targetHints":{"allow":["GET"]}}],"collection":[{"href":"https:\/\/eldiariodesanpedro.com.ar\/sitio\/wp-json\/wp\/v2\/posts"}],"about":[{"href":"https:\/\/eldiariodesanpedro.com.ar\/sitio\/wp-json\/wp\/v2\/types\/post"}],"author":[{"embeddable":true,"href":"https:\/\/eldiariodesanpedro.com.ar\/sitio\/wp-json\/wp\/v2\/users\/4"}],"replies":[{"embeddable":true,"href":"https:\/\/eldiariodesanpedro.com.ar\/sitio\/wp-json\/wp\/v2\/comments?post=90948"}],"version-history":[{"count":2,"href":"https:\/\/eldiariodesanpedro.com.ar\/sitio\/wp-json\/wp\/v2\/posts\/90948\/revisions"}],"predecessor-version":[{"id":90950,"href":"https:\/\/eldiariodesanpedro.com.ar\/sitio\/wp-json\/wp\/v2\/posts\/90948\/revisions\/90950"}],"wp:featuredmedia":[{"embeddable":true,"href":"https:\/\/eldiariodesanpedro.com.ar\/sitio\/wp-json\/wp\/v2\/media\/90662"}],"wp:attachment":[{"href":"https:\/\/eldiariodesanpedro.com.ar\/sitio\/wp-json\/wp\/v2\/media?parent=90948"}],"wp:term":[{"taxonomy":"category","embeddable":true,"href":"https:\/\/eldiariodesanpedro.com.ar\/sitio\/wp-json\/wp\/v2\/categories?post=90948"},{"taxonomy":"post_tag","embeddable":true,"href":"https:\/\/eldiariodesanpedro.com.ar\/sitio\/wp-json\/wp\/v2\/tags?post=90948"}],"curies":[{"name":"wp","href":"https:\/\/api.w.org\/{rel}","templated":true}]}}